{"id":17512,"date":"2017-05-12T16:22:06","date_gmt":"2017-05-12T19:22:06","guid":{"rendered":"http:\/\/web.molina.cl\/?p=17512"},"modified":"2020-11-24T09:02:21","modified_gmt":"2020-11-24T13:02:21","slug":"llaman-los-adultos-mayores-a-vacunarse-contra-la-influenza-en-molina","status":"publish","type":"post","link":"https:\/\/web.molina.cl\/?p=17512","title":{"rendered":"Llaman los adultos mayores a vacunarse contra la influenza en Molina"},"content":{"rendered":"<p>Hasta el 16 de junio se extendi\u00f3 la campa\u00f1a de vacunaci\u00f3n contra la influenza y Molina est\u00e1 a un paso de alcanzar las metas de inoculaci\u00f3n en la comuna.<br \/>\nDentro de los cuatro grupos a quienes est\u00e1 dirigida la campa\u00f1a 2017, los adultos mayores aparecen como quienes menos se han acercado a recibir el gratuito beneficio.<\/p>\n<p>En este contexto la ma\u00f1ana de este viernes visit\u00f3 nuestra Casa del Adulto Mayor la Seremi de Salud del Maule, Valeria Ortiz, y el director Regional de Senama, Claudio Maldonado, autoridades que hicieron un llamado a los adultos mayores a no temer por la aplicaci\u00f3n de la vacuna.<\/p>\n<p>\u201cLa influenza en una enfermedad viral muy contagiosa y peligrosa, sobre todo en nuestros grupos objetivos. Los adultos mayores est\u00e1n en deuda en cuento a la vacunaci\u00f3n, y es por eso que vinimos a reforzar la campa\u00f1a en este importante segmento. Hacemos un llamado a todos los adultos mayores a acercarse a los centros de vacunaci\u00f3n de la comuna y a no temer por su aplicaci\u00f3n, que es para evitar las complicaciones y la mortalidad. Hay mitos que rondan respecto a la vacuna, uno de ellos es que aumentan los resfr\u00edos y eso no es verdad.<\/p>\n<p>Cuando nos vacunamos, no prevenimos los resfr\u00edos, pero si prevenimos contraer el virus y si es que estamos vacunados, los efectos ser\u00e1n mucho m\u00e1s leves y evitaremos las complicaciones\u201d dijo la Seremi de Salud, Valeria Ortiz.<\/p>\n<p>La directora de Salud comunal, Ver\u00f3nica Barcena, record\u00f3 que los lugares para vacunaci\u00f3n gratuita contra la influenza son el hospital de Molina, el Cesfam de Lontu\u00e9 y las postas de El Yacal, El Radal, Pichingal, Itahue, Casa Blanca y Tres Esquinas, adem\u00e1s de la Casa del Adulto Mayor previa coordinaci\u00f3n.<\/p>\n<p>&nbsp;<\/p>\n\n","protected":false},"excerpt":{"rendered":"<p>Hasta el 16 de junio se extendi\u00f3 la campa\u00f1a de vacunaci\u00f3n contra la influenza y Molina est\u00e1 a un paso de alcanzar las metas de inoculaci\u00f3n en la comuna. Dentro de los cuatro grupos a quienes est\u00e1 dirigida la campa\u00f1a 2017, los adultos mayores aparecen como quienes menos se han acercado a recibir el gratuito [&hellip;]<\/p>\n","protected":false},"author":1,"featured_media":17514,"comment_status":"open","ping_status":"open","sticky":false,"template":"","format":"standard","meta":{"footnotes":""},"categories":[80,2,3,4],"tags":[102,863,865,2012],"_links":{"self":[{"href":"https:\/\/web.molina.cl\/index.php?rest_route=\/wp\/v2\/posts\/17512"}],"collection":[{"href":"https:\/\/web.molina.cl\/index.php?rest_route=\/wp\/v2\/posts"}],"about":[{"href":"https:\/\/web.molina.cl\/index.php?rest_route=\/wp\/v2\/types\/post"}],"author":[{"embeddable":true,"href":"https:\/\/web.molina.cl\/index.php?rest_route=\/wp\/v2\/users\/1"}],"replies":[{"embeddable":true,"href":"https:\/\/web.molina.cl\/index.php?rest_route=%2Fwp%2Fv2%2Fcomments&post=17512"}],"version-history":[{"count":1,"href":"https:\/\/web.molina.cl\/index.php?rest_route=\/wp\/v2\/posts\/17512\/revisions"}],"predecessor-version":[{"id":42376,"href":"https:\/\/web.molina.cl\/index.php?rest_route=\/wp\/v2\/posts\/17512\/revisions\/42376"}],"wp:featuredmedia":[{"embeddable":true,"href":"https:\/\/web.molina.cl\/index.php?rest_route=\/"}],"wp:attachment":[{"href":"https:\/\/web.molina.cl\/index.php?rest_route=%2Fwp%2Fv2%2Fmedia&parent=17512"}],"wp:term":[{"taxonomy":"category","embeddable":true,"href":"https:\/\/web.molina.cl\/index.php?rest_route=%2Fwp%2Fv2%2Fcategories&post=17512"},{"taxonomy":"post_tag","embeddable":true,"href":"https:\/\/web.molina.cl\/index.php?rest_route=%2Fwp%2Fv2%2Ftags&post=17512"}],"curies":[{"name":"wp","href":"https:\/\/api.w.org\/{rel}","templated":true}]}}