{"id":17470,"date":"2017-05-08T17:23:33","date_gmt":"2017-05-08T20:23:33","guid":{"rendered":"http:\/\/web.molina.cl\/?p=17470"},"modified":"2020-11-24T09:02:25","modified_gmt":"2020-11-24T13:02:25","slug":"molina-celebro-con-doble-show-a-las-mamas-de-la-comuna","status":"publish","type":"post","link":"https:\/\/web.molina.cl\/?p=17470","title":{"rendered":"Molina celebr\u00f3 con doble show a las mam\u00e1s de la comuna"},"content":{"rendered":"<p>Con dos presentaciones dedicadas especialmente para ellas, Molina le dijo \u00a1feliz d\u00eda! a todas las mam\u00e1s de la comuna durante este fin de semana.<\/p>\n<p>Los festejos comenzaron el d\u00eda viernes en el gimnasio de Lontu\u00e9, con la performance del \u201cCharro Curicano\u201d, Carlos Guti\u00e9rrez, quien le cant\u00f3 sus rancheras a todas las mujeres de la localidad.<\/p>\n<p><!--more--><\/p>\n<p><span style=\"font-weight: 400;\">La instancia sirvi\u00f3 tambi\u00e9n para hacer un merecido reconocimiento a tres madres de Lontu\u00e9, las cuales recibieron de manos de la alcaldesa, Priscilla Castillo, un peque\u00f1o galard\u00f3n y las felicitaciones por sacar adelante a su familia.<\/span><\/p>\n<p>&nbsp;<\/p>\n<p><span style=\"font-weight: 400;\">Luego fue el turno de las interpretaciones del doble oficial en Chile de Juan Gabriel, desatando la euforia del p\u00fablico presente.<\/span><\/p>\n<p>&nbsp;<\/p>\n<p><span style=\"font-weight: 400;\">La celebraci\u00f3n continu\u00f3 en la tarde del s\u00e1bado, esta vez en el Teatro Municipal de Molina, lugar en el que el \u201cCharro Curicano\u201d se repetir\u00eda el plato. El artista fue sucedido por el doble de Ricky Martin, quien contagi\u00f3 con su energ\u00eda para hacer cantar y bailar a todas las mam\u00e1s que acudieron.<\/span><\/p>\n<p>&nbsp;<\/p>\n<p><span style=\"font-weight: 400;\">La jefa comunal coment\u00f3 que en el municipio \u201cquedamos muy contentos de poder aportar con este granito de arena, preparado con mucho cari\u00f1o. Lo m\u00e1s importante es que cada familia pueda regalonear un poquito m\u00e1s en esta fecha a sus mam\u00e1s y que no dejen de hacerlo durante el a\u00f1o. Le mandamos un cari\u00f1oso saludo a las mamitas por todo el trabajo y cari\u00f1o entregado a sus hijos y a sus familias\u201d.<\/span><\/p>\n<p>&nbsp;<\/p>\n<p><span style=\"font-weight: 400;\">Por su parte, el Jefe de Gabinete, Sebasti\u00e1n Vergara, detall\u00f3 que \u201chicimos todo el esfuerzo por regalonear a las madres de Molina con dos shows de primer nivel, hacerlas sentir que son parte muy importante de la comunidad\u201d.<\/span><\/p>\n<p>&nbsp;<\/p>\n<p><span style=\"font-weight: 400;\">Una de las personalidades que no se perdieron el show fue la Directora Regional del Instituto Nacional de la Juventud (Injuv), Irene Mu\u00f1oz. \u201cQuisiera enviar un cari\u00f1oso saludo a todas las madres de la comuna y a su alcaldesa, Priscilla Castillo; como tambi\u00e9n decirles que merecen ser reconocidas y celebradas durante los 365 d\u00edas del a\u00f1o\u201d, indic\u00f3 la autoridad.<\/span><\/p>\n<p>&nbsp;<\/p>\n\n","protected":false},"excerpt":{"rendered":"<p>Con dos presentaciones dedicadas especialmente para ellas, Molina le dijo \u00a1feliz d\u00eda! a todas las mam\u00e1s de la comuna durante este fin de semana. Los festejos comenzaron el d\u00eda viernes en el gimnasio de Lontu\u00e9, con la performance del \u201cCharro Curicano\u201d, Carlos Guti\u00e9rrez, quien le cant\u00f3 sus rancheras a todas las mujeres de la localidad.<\/p>\n","protected":false},"author":1,"featured_media":17480,"comment_status":"open","ping_status":"open","sticky":false,"template":"","format":"standard","meta":{"footnotes":""},"categories":[80,3,4,21,64,1],"tags":[1198,50,2353],"_links":{"self":[{"href":"https:\/\/web.molina.cl\/index.php?rest_route=\/wp\/v2\/posts\/17470"}],"collection":[{"href":"https:\/\/web.molina.cl\/index.php?rest_route=\/wp\/v2\/posts"}],"about":[{"href":"https:\/\/web.molina.cl\/index.php?rest_route=\/wp\/v2\/types\/post"}],"author":[{"embeddable":true,"href":"https:\/\/web.molina.cl\/index.php?rest_route=\/wp\/v2\/users\/1"}],"replies":[{"embeddable":true,"href":"https:\/\/web.molina.cl\/index.php?rest_route=%2Fwp%2Fv2%2Fcomments&post=17470"}],"version-history":[{"count":1,"href":"https:\/\/web.molina.cl\/index.php?rest_route=\/wp\/v2\/posts\/17470\/revisions"}],"predecessor-version":[{"id":42378,"href":"https:\/\/web.molina.cl\/index.php?rest_route=\/wp\/v2\/posts\/17470\/revisions\/42378"}],"wp:featuredmedia":[{"embeddable":true,"href":"https:\/\/web.molina.cl\/index.php?rest_route=\/"}],"wp:attachment":[{"href":"https:\/\/web.molina.cl\/index.php?rest_route=%2Fwp%2Fv2%2Fmedia&parent=17470"}],"wp:term":[{"taxonomy":"category","embeddable":true,"href":"https:\/\/web.molina.cl\/index.php?rest_route=%2Fwp%2Fv2%2Fcategories&post=17470"},{"taxonomy":"post_tag","embeddable":true,"href":"https:\/\/web.molina.cl\/index.php?rest_route=%2Fwp%2Fv2%2Ftags&post=17470"}],"curies":[{"name":"wp","href":"https:\/\/api.w.org\/{rel}","templated":true}]}}