{"id":17314,"date":"2017-05-03T09:36:37","date_gmt":"2017-05-03T12:36:37","guid":{"rendered":"http:\/\/web.molina.cl\/?p=17314"},"modified":"2020-11-24T09:02:31","modified_gmt":"2020-11-24T13:02:31","slug":"molina-celebro-el-dia-internacional-de-la-danza-ante-mas-de-500-personas","status":"publish","type":"post","link":"https:\/\/web.molina.cl\/?p=17314","title":{"rendered":"Molina celebr\u00f3 el D\u00eda Internacional de la Danza ante m\u00e1s de 500 personas"},"content":{"rendered":"<p>Porque nuestra ciudad es una cuna de talentos, este s\u00e1bado se celebr\u00f3 el D\u00eda Internacional de la Danza. La alegre ceremonia tuvo lugar en la multicancha de la poblaci\u00f3n Servicio Seguro Social, ceremonia que estuvo a cargo de la Ilustre Municipalidad de Molina y de la Corporaci\u00f3n de Cultura, representada por su gerente, Sergio Ortega.<\/p>\n<p>&nbsp;<\/p>\n<p><span style=\"font-weight: 400;\">Dicen que hay atajos para la felicidad y la danza es uno de ellos, algo que qued\u00f3 demostrado en las sonrisas de todos los asistentes a este novedoso encuentro.<\/span><\/p>\n<p>&nbsp;<\/p>\n<p><span style=\"font-weight: 400;\">A la cita acudieron m\u00e1s de 500 personas, las cuales se deleitaron con las diversas agrupaciones que hicieron su puesta en escena para alegrar a la comuna.<\/span><\/p>\n<p>&nbsp;<\/p>\n<p><span style=\"font-weight: 400;\">Se hicieron presentes los conjuntos folcl\u00f3ricos Nahu\u00e9n, Pasi\u00f3n Cuequera, Copihual, Sentimiento Chileno, Semillero y Nacidos para Florecer. Tambi\u00e9n participaron los grupos de danza Remolino, We Purun, Ballet Folcl\u00f3rico Femenino (Bafofe) y la Academia Daem.<\/span><\/p>\n<div class=\"fb-video\" data-href=\"https:\/\/www.facebook.com\/municipalidadmolina\/videos\/757484847765266\/\" data-width=\"500\" data-show-text=\"true\">\n<blockquote class=\"fb-xfbml-parse-ignore\" cite=\"https:\/\/www.facebook.com\/municipalidadmolina\/videos\/757484847765266\/\"><p><a href=\"https:\/\/www.facebook.com\/municipalidadmolina\/videos\/757484847765266\/\">D\u00eda de la Danza<\/a>Molina celebr\u00f3 el D\u00eda Internacional de la Danza ante m\u00e1s de 500 personas<br \/>\nPorque nuestra ciudad es una cuna de talentos.<\/p>\n<p>Posted by <a href=\"https:\/\/www.facebook.com\/municipalidadmolina\/\">Municipalidad de Molina<\/a> on mi\u00e9rcoles, 3 de mayo de 2017<\/p><\/blockquote>\n<\/div>\n\n<p>&nbsp;<\/p>\n","protected":false},"excerpt":{"rendered":"<p>Porque nuestra ciudad es una cuna de talentos, este s\u00e1bado se celebr\u00f3 el D\u00eda Internacional de la Danza. La alegre ceremonia tuvo lugar en la multicancha de la poblaci\u00f3n Servicio Seguro Social, ceremonia que estuvo a cargo de la Ilustre Municipalidad de Molina y de la Corporaci\u00f3n de Cultura, representada por su gerente, Sergio Ortega. [&hellip;]<\/p>\n","protected":false},"author":1,"featured_media":17328,"comment_status":"open","ping_status":"open","sticky":false,"template":"","format":"standard","meta":{"footnotes":""},"categories":[2,35,3,4,5,16,6],"tags":[436,2351,863,429,1788],"_links":{"self":[{"href":"https:\/\/web.molina.cl\/index.php?rest_route=\/wp\/v2\/posts\/17314"}],"collection":[{"href":"https:\/\/web.molina.cl\/index.php?rest_route=\/wp\/v2\/posts"}],"about":[{"href":"https:\/\/web.molina.cl\/index.php?rest_route=\/wp\/v2\/types\/post"}],"author":[{"embeddable":true,"href":"https:\/\/web.molina.cl\/index.php?rest_route=\/wp\/v2\/users\/1"}],"replies":[{"embeddable":true,"href":"https:\/\/web.molina.cl\/index.php?rest_route=%2Fwp%2Fv2%2Fcomments&post=17314"}],"version-history":[{"count":1,"href":"https:\/\/web.molina.cl\/index.php?rest_route=\/wp\/v2\/posts\/17314\/revisions"}],"predecessor-version":[{"id":42382,"href":"https:\/\/web.molina.cl\/index.php?rest_route=\/wp\/v2\/posts\/17314\/revisions\/42382"}],"wp:featuredmedia":[{"embeddable":true,"href":"https:\/\/web.molina.cl\/index.php?rest_route=\/"}],"wp:attachment":[{"href":"https:\/\/web.molina.cl\/index.php?rest_route=%2Fwp%2Fv2%2Fmedia&parent=17314"}],"wp:term":[{"taxonomy":"category","embeddable":true,"href":"https:\/\/web.molina.cl\/index.php?rest_route=%2Fwp%2Fv2%2Fcategories&post=17314"},{"taxonomy":"post_tag","embeddable":true,"href":"https:\/\/web.molina.cl\/index.php?rest_route=%2Fwp%2Fv2%2Ftags&post=17314"}],"curies":[{"name":"wp","href":"https:\/\/api.w.org\/{rel}","templated":true}]}}