{"id":17166,"date":"2017-04-25T16:09:22","date_gmt":"2017-04-25T19:09:22","guid":{"rendered":"http:\/\/web.molina.cl\/?p=17166"},"modified":"2020-11-24T09:04:02","modified_gmt":"2020-11-24T13:04:02","slug":"molina-duplica-cantidad-de-adultos-mayores-en-programa-vinculos","status":"publish","type":"post","link":"https:\/\/web.molina.cl\/?p=17166","title":{"rendered":"Molina duplica cantidad de adultos mayores en Programa V\u00ednculos"},"content":{"rendered":"<p>Una alentadora noticia vivieron los adultos mayores de Molina al anunciarse nuevamente la puesta en marcha del taller de integraci\u00f3n Programa V\u00ednculos en la comuna.<\/p>\n<p><!--more--><\/p>\n<p><span style=\"font-weight: 400;\">Para esta versi\u00f3n de la iniciativa del Ministerio de Desarrollo Social aument\u00f3 la cantidad de beneficiados a 50 personas, duplicando as\u00ed la cifra del a\u00f1o pasado, cuando se registraron 25 usuarios.<\/span><\/p>\n<p>&nbsp;<\/p>\n<p><span style=\"font-weight: 400;\">En la ceremonia se hizo presente, en representaci\u00f3n de la alcaldesa, el Jefe de Gabinete del municipio, Sebasti\u00e1n Vergara. Tambi\u00e9n asisti\u00f3 la Gobernadora de Curic\u00f3, Cristina Bravo, junto a la representante de Senama, Elizabeth Torres.<\/span><\/p>\n<p>&nbsp;<\/p>\n<p><span style=\"font-weight: 400;\">El programa tiene como objetivo la entrega de herramientas a personas mayores en situaci\u00f3n de vulnerabilidad social, de modo que logren vincularse con la red de apoyo social de su comuna y con sus pares; todo gracias al trabajo conjunto entre la Seremi del ramo, el Senama y la municipalidad.<\/span><\/p>\n<p>&nbsp;<\/p>\n<p><strong><span style=\"font-weight: 400;\">Se trata, espec\u00edficamente, de un acompa\u00f1amiento continuo para quienes ingresan al nuevo Subsistema de Seguridades y Oportunidades. De esta forma, se entregan herramientas psicosociales para fortalecer la identidad, autonom\u00eda y sentido de pertenencia de los beneficiados, con apoyo psicosocial y sociolaboral en sesiones individuales y grupales.<\/span><\/strong><\/p>\n<p>&nbsp;<\/p>\n\n","protected":false},"excerpt":{"rendered":"<p>Una alentadora noticia vivieron los adultos mayores de Molina al anunciarse nuevamente la puesta en marcha del taller de integraci\u00f3n Programa V\u00ednculos en la comuna.<\/p>\n","protected":false},"author":1,"featured_media":17172,"comment_status":"open","ping_status":"open","sticky":false,"template":"","format":"standard","meta":{"footnotes":""},"categories":[80,3,4],"tags":[2332,2346,51],"_links":{"self":[{"href":"https:\/\/web.molina.cl\/index.php?rest_route=\/wp\/v2\/posts\/17166"}],"collection":[{"href":"https:\/\/web.molina.cl\/index.php?rest_route=\/wp\/v2\/posts"}],"about":[{"href":"https:\/\/web.molina.cl\/index.php?rest_route=\/wp\/v2\/types\/post"}],"author":[{"embeddable":true,"href":"https:\/\/web.molina.cl\/index.php?rest_route=\/wp\/v2\/users\/1"}],"replies":[{"embeddable":true,"href":"https:\/\/web.molina.cl\/index.php?rest_route=%2Fwp%2Fv2%2Fcomments&post=17166"}],"version-history":[{"count":1,"href":"https:\/\/web.molina.cl\/index.php?rest_route=\/wp\/v2\/posts\/17166\/revisions"}],"predecessor-version":[{"id":42386,"href":"https:\/\/web.molina.cl\/index.php?rest_route=\/wp\/v2\/posts\/17166\/revisions\/42386"}],"wp:featuredmedia":[{"embeddable":true,"href":"https:\/\/web.molina.cl\/index.php?rest_route=\/"}],"wp:attachment":[{"href":"https:\/\/web.molina.cl\/index.php?rest_route=%2Fwp%2Fv2%2Fmedia&parent=17166"}],"wp:term":[{"taxonomy":"category","embeddable":true,"href":"https:\/\/web.molina.cl\/index.php?rest_route=%2Fwp%2Fv2%2Fcategories&post=17166"},{"taxonomy":"post_tag","embeddable":true,"href":"https:\/\/web.molina.cl\/index.php?rest_route=%2Fwp%2Fv2%2Ftags&post=17166"}],"curies":[{"name":"wp","href":"https:\/\/api.w.org\/{rel}","templated":true}]}}