{"id":1660,"date":"2015-06-22T09:40:54","date_gmt":"2015-06-22T12:40:54","guid":{"rendered":"http:\/\/web.molina.cl\/?p=1660"},"modified":"2020-11-24T19:35:39","modified_gmt":"2020-11-24T23:35:39","slug":"direccion-de-salud-de-molina-recibe-nuevo-vehiculo-de-traslado-de-rondas-rurales","status":"publish","type":"post","link":"https:\/\/web.molina.cl\/?p=1660","title":{"rendered":"Direcci\u00f3n de Salud de Molina recibe nuevo veh\u00edculo de traslado de rondas rurales"},"content":{"rendered":"<p style=\"text-align: justify;\">La Direcci\u00f3n de Salud de la Municipalidad de Molina recibi\u00f3 un nuevo veh\u00edculo que permitir\u00e1 realizar el traslado de funcionarios de Salud hacia las postas rurales.<!--more--><\/p>\n<p style=\"text-align: justify;\">Se trata de un furg\u00f3n Hyundai 2015, que tuvo un costo de m\u00e1s de 17 millones y que es el resultado de la aprobaci\u00f3n del proyecto presentado al Gobierno Regional el a\u00f1o 2013, destinado a renovar la flota de los veh\u00edculos de la Direcci\u00f3n de Salud.<\/p>\n<p style=\"text-align: justify;\">\u201cEste veh\u00edculo era muy necesario para el Departamento de Salud. Damos las gracias al Gobierno Regional, al Intendente, a los Consejeros Regionales, porque este nuevo veh\u00edculo va a servir mucho para toda la comuna de Molina\u201d, dijo la alcaldesa de la comuna, Priscilla Castillo.<\/p>\n<p style=\"text-align: justify;\">\u201cLlevamos a\u00f1os esper\u00e1ndolo y viene a mejorar nuestra flota&nbsp; de veh\u00edculos. Hoy ha aumentado mucho el n\u00famero de funcionarios de salud que trabajan en los sectores rurales y con estos veh\u00edculos podr\u00e1n trasladarse de manera m\u00e1s segura hacia las distintas postas de la comuna a atender a los vecinos\u201d dijo Ver\u00f3nica B\u00e1rcena, Directora de Salud Municipal.<\/p>\n<p style=\"text-align: justify;\">Inicialmente eran tres los veh\u00edculos que renovar\u00e1n la flota del departamento de Salud.&nbsp; Se trata de una ambulancia, la que ya est\u00e1 en funcionamiento en el Cesfam de Lontu\u00e9 -una Mercedes Benz modelo Sprinter a\u00f1o 2015- y otros dos veh\u00edculos de traslado de funcionarios, faltando que llegue s\u00f3lo uno de ellos para tener la flota con el 100% de los veh\u00edculos funcionando.<\/p>\n","protected":false},"excerpt":{"rendered":"<p>La Direcci\u00f3n de Salud de la Municipalidad de Molina recibi\u00f3 un nuevo veh\u00edculo que permitir\u00e1 realizar el traslado de funcionarios de Salud hacia las postas rurales.<\/p>\n","protected":false},"author":1,"featured_media":1661,"comment_status":"open","ping_status":"open","sticky":false,"template":"","format":"standard","meta":{"footnotes":""},"categories":[3,4,21,7],"tags":[147,148,149,150],"_links":{"self":[{"href":"https:\/\/web.molina.cl\/index.php?rest_route=\/wp\/v2\/posts\/1660"}],"collection":[{"href":"https:\/\/web.molina.cl\/index.php?rest_route=\/wp\/v2\/posts"}],"about":[{"href":"https:\/\/web.molina.cl\/index.php?rest_route=\/wp\/v2\/types\/post"}],"author":[{"embeddable":true,"href":"https:\/\/web.molina.cl\/index.php?rest_route=\/wp\/v2\/users\/1"}],"replies":[{"embeddable":true,"href":"https:\/\/web.molina.cl\/index.php?rest_route=%2Fwp%2Fv2%2Fcomments&post=1660"}],"version-history":[{"count":1,"href":"https:\/\/web.molina.cl\/index.php?rest_route=\/wp\/v2\/posts\/1660\/revisions"}],"predecessor-version":[{"id":42795,"href":"https:\/\/web.molina.cl\/index.php?rest_route=\/wp\/v2\/posts\/1660\/revisions\/42795"}],"wp:featuredmedia":[{"embeddable":true,"href":"https:\/\/web.molina.cl\/index.php?rest_route=\/"}],"wp:attachment":[{"href":"https:\/\/web.molina.cl\/index.php?rest_route=%2Fwp%2Fv2%2Fmedia&parent=1660"}],"wp:term":[{"taxonomy":"category","embeddable":true,"href":"https:\/\/web.molina.cl\/index.php?rest_route=%2Fwp%2Fv2%2Fcategories&post=1660"},{"taxonomy":"post_tag","embeddable":true,"href":"https:\/\/web.molina.cl\/index.php?rest_route=%2Fwp%2Fv2%2Ftags&post=1660"}],"curies":[{"name":"wp","href":"https:\/\/api.w.org\/{rel}","templated":true}]}}