{"id":16514,"date":"2017-03-31T11:36:22","date_gmt":"2017-03-31T14:36:22","guid":{"rendered":"http:\/\/web.molina.cl\/?p=16514"},"modified":"2020-11-24T09:09:32","modified_gmt":"2020-11-24T13:09:32","slug":"municipalidad-de-molina-presenta-nuevo-programa-juntos-crecemos","status":"publish","type":"post","link":"https:\/\/web.molina.cl\/?p=16514","title":{"rendered":"Municipalidad de Molina presenta nuevo programa \u201cJuntos Crecemos\u201d"},"content":{"rendered":"<p>Con el objetivo de ser un nexo real y directo entre la Municipalidad y los vecinos, la municipalidad de Molina present\u00f3 ante los dirigentes sociales de la comuna el programa &nbsp;\u00abJuntos Crecemos\u00bb.<\/p>\n<p><!--more--><\/p>\n<p><span style=\"font-weight: 400;\">La iniciativa ser\u00e1 liderada por el jefe de gabinete del municipio, Sebasti\u00e1n Vergara, y divide &nbsp;a la comuna de Molina en 5 sectores, cada uno de ellos representado por la nueva figura del \u201cgestor territorial\u201d.<\/span><\/p>\n<p><strong><strong>&nbsp;<\/strong><\/strong><\/p>\n<p><span style=\"font-weight: 400;\">\u201cEste programa pretende ayuda &nbsp;a todas las comunidades de la comuna, sentimos que hay necesidades peque\u00f1as que es importante abordarlas como municipalidad, ahora tenemos los territoriales que estar\u00e1n cerca de los dirigentes, haciendo un trabajo en conjunto, y vamos a contar con un equipo de maestros que solucionaran esos peque\u00f1os problemas que tienen las organizaciones\u201d dijo la alcaldesa Priscilla Castillo. <\/span><\/p>\n<p><strong><strong>&nbsp;<\/strong><\/strong><\/p>\n<p><b>PUENTE<\/b><\/p>\n<p><span style=\"font-weight: 400;\">Desde hoy, el programa \u201cJuntos Crecemos\u201d funcionar\u00e1 como el puente entre los vecinos y el municipio. &nbsp;La nueva iniciativa de la comuna de Molina tendr\u00e1 como misi\u00f3n, hacer seguimiento, canalizar las inquietudes y asegurarse de la ejecuci\u00f3n de las necesidades y dar cumplimiento a los requerimientos de los vecinos de la comuna.<\/span><\/p>\n<p><strong><strong>&nbsp;<\/strong><\/strong><\/p>\n<p><span style=\"font-weight: 400;\">\u201cPara mi es un gran desaf\u00edo porque nuestra comuna merece tener una mejor comunicaci\u00f3n y un mayor vinculo con las comunidades sociales y el municipio. Este programa nos va a permitir estar cerca de la gente, escuchar &nbsp;sus necesidades, solucionar la mayor cantidad de programas, plantear proyectos para mejorar la calidad de vida de los molinenses\u201d dijo Sebasti\u00e1n Vergara, director del programa municipal.<\/span><\/p>\n<p><strong><strong>&nbsp;<\/strong><\/strong><\/p>\n<p><b>VECINOS CONTENTOS<\/b><\/p>\n<p><span style=\"font-weight: 400;\">La actividad, realizada en el teatro municipal de Molina cont\u00f3 con la participaci\u00f3n de m\u00e1s de 250 personas, sobre todo dirigentes de distintos puntos de la comuna.<\/span><\/p>\n<p><strong><br \/>\n<span style=\"font-weight: 400;\">Juan Ram\u00f3n Olivares, dirigente de la poblaci\u00f3n Nueva Oriente de Molina, este programa es muy necesario. \u201cSomos una directiva que trabaja con 5 poblaciones, y agradecemos que nos tomen en cuenta, que nos escuchen, que nos comprendan cada problema que tengamos y cada necesidad y que estos sea un puente para solucionarlo\u201d dijo el dirigente.<\/span><\/strong><\/p>\n<p>&nbsp;<\/p>\n\n<p>&nbsp;<\/p>\n<div class=\"fb-video\" data-href=\"https:\/\/www.facebook.com\/municipalidadmolina\/videos\/739222486258169\/\" data-width=\"500\" data-show-text=\"true\">\n<blockquote class=\"fb-xfbml-parse-ignore\" cite=\"https:\/\/www.facebook.com\/municipalidadmolina\/videos\/739222486258169\/\"><p><a href=\"https:\/\/www.facebook.com\/municipalidadmolina\/videos\/739222486258169\/\">Juntos Crecemos<\/a>[Video]<br \/>\nLanzamiento del nuevo programa \u201cJuntos Crecemos\u201d<br \/>\nRevisa el siguiente video.<\/p>\n<p>Posted by <a href=\"https:\/\/www.facebook.com\/municipalidadmolina\/\">Municipalidad de Molina<\/a> on viernes, 31 de marzo de 2017<\/p><\/blockquote>\n<\/div>\n","protected":false},"excerpt":{"rendered":"<p>Con el objetivo de ser un nexo real y directo entre la Municipalidad y los vecinos, la municipalidad de Molina present\u00f3 ante los dirigentes sociales de la comuna el programa &nbsp;\u00abJuntos Crecemos\u00bb.<\/p>\n","protected":false},"author":1,"featured_media":16515,"comment_status":"open","ping_status":"open","sticky":false,"template":"","format":"standard","meta":{"footnotes":""},"categories":[3,4,6],"tags":[2330,2331,52,51],"_links":{"self":[{"href":"https:\/\/web.molina.cl\/index.php?rest_route=\/wp\/v2\/posts\/16514"}],"collection":[{"href":"https:\/\/web.molina.cl\/index.php?rest_route=\/wp\/v2\/posts"}],"about":[{"href":"https:\/\/web.molina.cl\/index.php?rest_route=\/wp\/v2\/types\/post"}],"author":[{"embeddable":true,"href":"https:\/\/web.molina.cl\/index.php?rest_route=\/wp\/v2\/users\/1"}],"replies":[{"embeddable":true,"href":"https:\/\/web.molina.cl\/index.php?rest_route=%2Fwp%2Fv2%2Fcomments&post=16514"}],"version-history":[{"count":1,"href":"https:\/\/web.molina.cl\/index.php?rest_route=\/wp\/v2\/posts\/16514\/revisions"}],"predecessor-version":[{"id":42396,"href":"https:\/\/web.molina.cl\/index.php?rest_route=\/wp\/v2\/posts\/16514\/revisions\/42396"}],"wp:featuredmedia":[{"embeddable":true,"href":"https:\/\/web.molina.cl\/index.php?rest_route=\/"}],"wp:attachment":[{"href":"https:\/\/web.molina.cl\/index.php?rest_route=%2Fwp%2Fv2%2Fmedia&parent=16514"}],"wp:term":[{"taxonomy":"category","embeddable":true,"href":"https:\/\/web.molina.cl\/index.php?rest_route=%2Fwp%2Fv2%2Fcategories&post=16514"},{"taxonomy":"post_tag","embeddable":true,"href":"https:\/\/web.molina.cl\/index.php?rest_route=%2Fwp%2Fv2%2Ftags&post=16514"}],"curies":[{"name":"wp","href":"https:\/\/api.w.org\/{rel}","templated":true}]}}