{"id":16469,"date":"2017-03-25T10:39:10","date_gmt":"2017-03-25T13:39:10","guid":{"rendered":"http:\/\/web.molina.cl\/?p=16469"},"modified":"2020-11-24T09:11:35","modified_gmt":"2020-11-24T13:11:35","slug":"en-abril-comienza-construccion-de-nueva-ruta-entre-molina-y-rio-claro","status":"publish","type":"post","link":"https:\/\/web.molina.cl\/?p=16469","title":{"rendered":"En abril Comienza Construcci\u00f3n de nueva ruta entre Molina y R\u00edo Claro"},"content":{"rendered":"<p>Un nuevo camino, m\u00e1s ancho, con bermas y veredas en sectores habitacionales, ciclov\u00edas, paraderos especiales para la locomoci\u00f3n &nbsp;colectiva, &nbsp;que incluye un bypass que mejorar\u00e1 el paso por el sector de Porvenir tendr\u00e1 la nueva ruta entre Molina y Los Robles, ruta K 25- hacia R\u00edo Claro, cuya construcci\u00f3n comenzara en el pr\u00f3ximo mes de abril.<\/p>\n<p>&nbsp;<\/p>\n<p><span style=\"font-weight: 400;\">Este jueves la empresa Ingenier\u00eda y Construcci\u00f3n Santa Fe, a cargo de la monumental obra present\u00f3 al municipio de Molina los detalles del mejoramiento completo que tendr\u00e1 en camino y cuya renovaci\u00f3n permitir\u00e1 el tr\u00e1nsito de los vecinos por un nuevo camino m\u00e1s expedito y seguro.<\/span><\/p>\n<p>&nbsp;<\/p>\n<p><span style=\"font-weight: 400;\">La nueva obra se iniciar\u00e1 en el mes de abril del 2017 y tiene una extensi\u00f3n total de 14 kil\u00f3metros, 540 d\u00edas de plazo para su finalizaci\u00f3n, terminando &nbsp;el mes de julio del 2018, con un costo superior a los 7.500 millones de pesos, &nbsp;financiados por el Ministerio de Obras P\u00fablicas.<\/span><\/p>\n<p>&nbsp;<\/p>\n<p><b>MAYOR SEGURIDAD<\/b><\/p>\n<p><span style=\"font-weight: 400;\">Para la alcaldesa de Molina, Priscilla Castillo, &nbsp;la obra ser\u00e1 un gran adelanto en calidad de vida y seguridad para las familias de Molina y de Rio Claro, que a diario circulan por la ruta. \u201cHoy tenemos una ruta que s\u00f3lo tiene las calzadas en ambos sentidos, ahora se ensancha el pavimentos hasta 7 metros, se incorporan ciclov\u00edas, paraderos, buena se\u00f1alizaci\u00f3n y expropiaciones en los sectores de curvas, ya que hay algunos puntos muy peligrosos donde incluso han ocurrido accidentes\u201d dijo la alcaldesa.<\/span><\/p>\n<p>&nbsp;<\/p>\n<p><b>MEJORAS VIALES<\/b><\/p>\n<p><span style=\"font-weight: 400;\">El inspector fiscal del MOP Orlando Cancino, se\u00f1al\u00f3 que las obras tendr\u00e1n un importante impacto vial en el lugar. \u201cLa empresa constructora desarrollar\u00e1 un trabajo de mitigaci\u00f3n en el sector, con cortes y desv\u00edos que ser\u00e1n informados oportunamente a la comunidad, todo con el fin de mejorar la circulaci\u00f3n en la ruta\u201d se\u00f1al\u00f3. <\/span><\/p>\n<p><span style=\"font-weight: 400;\">Precisamente para dar a conocer el proyecto a los vecinos, la alcaldesa Priscilla Castillo, &nbsp;program\u00f3 una reuni\u00f3n con la comunidad en la escuela el Progreso para el d\u00eda 10 de abril a las 18 horas. <\/span><\/p>\n<p><span style=\"font-weight: 400;\">Finalmente la alcaldesa Castillo inform\u00f3 que la empresa se comprometi\u00f3 a contratar &nbsp;mano de obra de Molina y Rio Claro para esta nueva obra, beneficiando con ello a la comunidad.<\/span><\/p>\n<p>&nbsp;<\/p>\n","protected":false},"excerpt":{"rendered":"<p>Un nuevo camino, m\u00e1s ancho, con bermas y veredas en sectores habitacionales, ciclov\u00edas, paraderos especiales para la locomoci\u00f3n &nbsp;colectiva, &nbsp;que incluye un bypass que mejorar\u00e1 el paso por el sector de Porvenir tendr\u00e1 la nueva ruta entre Molina y Los Robles, ruta K 25- hacia R\u00edo Claro, cuya construcci\u00f3n comenzara en el pr\u00f3ximo mes de [&hellip;]<\/p>\n","protected":false},"author":1,"featured_media":16470,"comment_status":"open","ping_status":"open","sticky":false,"template":"","format":"standard","meta":{"footnotes":""},"categories":[3,4],"tags":[192,1980,990],"_links":{"self":[{"href":"https:\/\/web.molina.cl\/index.php?rest_route=\/wp\/v2\/posts\/16469"}],"collection":[{"href":"https:\/\/web.molina.cl\/index.php?rest_route=\/wp\/v2\/posts"}],"about":[{"href":"https:\/\/web.molina.cl\/index.php?rest_route=\/wp\/v2\/types\/post"}],"author":[{"embeddable":true,"href":"https:\/\/web.molina.cl\/index.php?rest_route=\/wp\/v2\/users\/1"}],"replies":[{"embeddable":true,"href":"https:\/\/web.molina.cl\/index.php?rest_route=%2Fwp%2Fv2%2Fcomments&post=16469"}],"version-history":[{"count":1,"href":"https:\/\/web.molina.cl\/index.php?rest_route=\/wp\/v2\/posts\/16469\/revisions"}],"predecessor-version":[{"id":42401,"href":"https:\/\/web.molina.cl\/index.php?rest_route=\/wp\/v2\/posts\/16469\/revisions\/42401"}],"wp:featuredmedia":[{"embeddable":true,"href":"https:\/\/web.molina.cl\/index.php?rest_route=\/"}],"wp:attachment":[{"href":"https:\/\/web.molina.cl\/index.php?rest_route=%2Fwp%2Fv2%2Fmedia&parent=16469"}],"wp:term":[{"taxonomy":"category","embeddable":true,"href":"https:\/\/web.molina.cl\/index.php?rest_route=%2Fwp%2Fv2%2Fcategories&post=16469"},{"taxonomy":"post_tag","embeddable":true,"href":"https:\/\/web.molina.cl\/index.php?rest_route=%2Fwp%2Fv2%2Ftags&post=16469"}],"curies":[{"name":"wp","href":"https:\/\/api.w.org\/{rel}","templated":true}]}}