{"id":16367,"date":"2017-03-16T16:01:14","date_gmt":"2017-03-16T19:01:14","guid":{"rendered":"http:\/\/web.molina.cl\/?p=16367"},"modified":"2020-11-24T09:11:44","modified_gmt":"2020-11-24T13:11:44","slug":"molina-inicia-campana-de-vacunacion-contra-la-influenza-2017","status":"publish","type":"post","link":"https:\/\/web.molina.cl\/?p=16367","title":{"rendered":"Molina inicia campa\u00f1a de vacunaci\u00f3n contra la influenza 2017"},"content":{"rendered":"<p>Con la vacunaci\u00f3n simb\u00f3lica de la alcaldesa <strong>Priscilla Castillo Gerli<\/strong>, la Municipalidad de Molina y la Direcci\u00f3n Comunal de Salud inici\u00f3 este jueves 16 de marzo, la campa\u00f1a de vacunaci\u00f3n contra la Influenza 2017, medida que beneficia de manera gratuita a ni\u00f1os, adultos mayores, embarazadas, enfermos cr\u00f3nicos y poblaci\u00f3n en general.<\/p>\n<p><!--more--><\/p>\n<p>La campa\u00f1a de vacunaci\u00f3n, que se desarrollar\u00e1 hasta el 12 de mayo, se realizar\u00e1 el hospital de Molina, en el Cesfam de Lontu\u00e9, en las postas rurales y estaciones de enfermer\u00eda, adem\u00e1s de jardines infantiles y colegios de la comuna.<\/p>\n<p>La Influenza es una enfermedad contagiosa causada por el virus de la Influenza, que se transmite al toser, estornudar o mediante secreciones nasales. Algunos s\u00edntomas de Influenza son fiebre mayor a 38.5\u00b0C (axilar), tos, dolores musculares, dolor de garganta y dolor de cabeza.<br \/>\nLa medida m\u00e1s eficaz para la prevenci\u00f3n de la Influenza es la vacunaci\u00f3n. El principal objetivo de la vacunaci\u00f3n en los grupos de riesgo es reducir la gravedad y ocurrencia de complicaciones y muertes.<\/p>\n<p><strong>\u00bfQuienes deben vacunarse?<\/strong><\/p>\n<p>Seg\u00fan la directora de la Direcci\u00f3n de Salud Comunal de Molina, <strong>Ver\u00f3nica Barcena<\/strong>, el grupo objetivo al que est\u00e1 dirigido la campa\u00f1a 2017, \u201cson las embarazadas a partir de la 13 semana de gestaci\u00f3n; los ni\u00f1os desde 6 meses hasta 5 a\u00f1os 11 meses 29 d\u00edas; los adultos mayores de<strong> 65 <\/strong>a\u00f1os y m\u00e1s; los trabajadores av\u00edcolas y de criaderos de cerdos, y los enfermos cr\u00f3nicos en general, supervisados por un m\u00e9dico.<\/p>\n<p>Tambi\u00e9n se puede vacunar poblaci\u00f3n general que no es est\u00e1n en la poblaci\u00f3n objetivo, siempre de manera gratuita e independiente del sistema de salud que posean\u201d dijo.<\/p>\n<p><a href=\"https:\/\/web.molina.cl\/wp-content\/uploads\/2017\/03\/alcadesa-vacuna.jpg\"><img loading=\"lazy\" decoding=\"async\" class=\"alignnone size-full wp-image-16369\" src=\"https:\/\/web.molina.cl\/wp-content\/uploads\/2017\/03\/alcadesa-vacuna.jpg\" alt=\"alcadesa vacuna\" width=\"1024\" height=\"768\"><\/a><\/p>\n","protected":false},"excerpt":{"rendered":"<p>Con la vacunaci\u00f3n simb\u00f3lica de la alcaldesa Priscilla Castillo Gerli, la Municipalidad de Molina y la Direcci\u00f3n Comunal de Salud inici\u00f3 este jueves 16 de marzo, la campa\u00f1a de vacunaci\u00f3n contra la Influenza 2017, medida que beneficia de manera gratuita a ni\u00f1os, adultos mayores, embarazadas, enfermos cr\u00f3nicos y poblaci\u00f3n en general.<\/p>\n","protected":false},"author":1,"featured_media":16369,"comment_status":"open","ping_status":"open","sticky":false,"template":"","format":"standard","meta":{"footnotes":""},"categories":[80,4,7,1],"tags":[2323,89,2324,2012],"_links":{"self":[{"href":"https:\/\/web.molina.cl\/index.php?rest_route=\/wp\/v2\/posts\/16367"}],"collection":[{"href":"https:\/\/web.molina.cl\/index.php?rest_route=\/wp\/v2\/posts"}],"about":[{"href":"https:\/\/web.molina.cl\/index.php?rest_route=\/wp\/v2\/types\/post"}],"author":[{"embeddable":true,"href":"https:\/\/web.molina.cl\/index.php?rest_route=\/wp\/v2\/users\/1"}],"replies":[{"embeddable":true,"href":"https:\/\/web.molina.cl\/index.php?rest_route=%2Fwp%2Fv2%2Fcomments&post=16367"}],"version-history":[{"count":1,"href":"https:\/\/web.molina.cl\/index.php?rest_route=\/wp\/v2\/posts\/16367\/revisions"}],"predecessor-version":[{"id":42407,"href":"https:\/\/web.molina.cl\/index.php?rest_route=\/wp\/v2\/posts\/16367\/revisions\/42407"}],"wp:featuredmedia":[{"embeddable":true,"href":"https:\/\/web.molina.cl\/index.php?rest_route=\/"}],"wp:attachment":[{"href":"https:\/\/web.molina.cl\/index.php?rest_route=%2Fwp%2Fv2%2Fmedia&parent=16367"}],"wp:term":[{"taxonomy":"category","embeddable":true,"href":"https:\/\/web.molina.cl\/index.php?rest_route=%2Fwp%2Fv2%2Fcategories&post=16367"},{"taxonomy":"post_tag","embeddable":true,"href":"https:\/\/web.molina.cl\/index.php?rest_route=%2Fwp%2Fv2%2Ftags&post=16367"}],"curies":[{"name":"wp","href":"https:\/\/api.w.org\/{rel}","templated":true}]}}