{"id":1632,"date":"2015-06-17T17:07:53","date_gmt":"2015-06-17T20:07:53","guid":{"rendered":"http:\/\/web.molina.cl\/?p=1632"},"modified":"2020-11-24T19:35:42","modified_gmt":"2020-11-24T23:35:42","slug":"adultos-mayores-de-molina-se-certifican-en-elaboracion-de-conservas-y-mermeladas","status":"publish","type":"post","link":"https:\/\/web.molina.cl\/?p=1632","title":{"rendered":"Adultos mayores de Molina se certifican en elaboraci\u00f3n de conservas y mermeladas"},"content":{"rendered":"<p style=\"text-align: justify;\">Con la entrega de certificados a ocho dirigentes de adultos mayores de Molina, finaliz\u00f3 el curso de capacitaci\u00f3n \u201cElaboraci\u00f3n de mermeladas y conservas con frutos de la zona\u201d que realiz\u00f3 el Sence en conjunto con el Senama, en la comuna.<!--more--><\/p>\n<p style=\"text-align: justify;\">El curso se extendi\u00f3 por 120 horas durante los meses de abril, mayo y junio y en \u00e9l las dirigentas de clubes de adultos mayores conocieron los distintos pasos que conlleva la elaboraci\u00f3n de las conservas. Adem\u00e1s de las mermeladas las participantes conocieron las t\u00e9cnicas para preparar&nbsp; salsas y dulces de frutas, con excelentes resultados<\/p>\n<p style=\"text-align: justify;\">\u201cEste fue un curso que se hizo a trav\u00e9s del Sence y estuvo dirigido a los adultos mayores. Ellos pudieron conocer los secretos de hacer unas ricas conservas y por sobre todo&nbsp; compartir y disfrutar las peque\u00f1as cosas de la vida y creo que esto fue lo m\u00e1s significativo del curso\u201d dijo la alcaldesa Priscilla Castillo.<\/p>\n<p style=\"text-align: justify;\">El taller fue un lugar de encuentro para las participantes, quienes asistieron responsablemente a todas las clases. Una de ella fue Berys Opazo, quien recibi\u00f3 la certificaci\u00f3n de manos de la alcaldesa Castillo.<\/p>\n<p style=\"text-align: justify;\">\u201cFue una experiencia bonita, aprend\u00ed harto y aprend\u00ed&nbsp; tambi\u00e9n a compartir, era un grupo muy unido y me voy emocionada porque a mi edad uno pasa en la casa, se aburre y esto como que me rejuveneci\u00f3\u201d dijo emocionada.<\/p>\n<p style=\"text-align: justify;\">Seg\u00fan Claudio Montalva, coordinador regional del Senama y el curso permiti\u00f3 a las participantes compartir experiencias de vida, adem\u00e1s de conocer los secretos de las conservas<\/p>\n<p style=\"text-align: justify;\">\u201cEsto les da una nueva oportunidad en la vida para aprender de mejor manera cosas que habian visto y ahora tienen una certificaci\u00f3n, y por sobre todo este tipo de actividades las mantiene vigente y activas\u201d dijo Claudio Montalva.<\/p>\n<p style=\"text-align: justify;\"><strong>Emprendimiento <\/strong><\/p>\n<p style=\"text-align: justify;\">Uno de los objetivos del taller es dar a las participantes los conocimientos para emprender, as\u00ed lo manifest\u00f3 Jessica Escalona, representante de la empresa capacitadora Transversal.<\/p>\n<p style=\"text-align: justify;\">\u201cLa idea es formar su Pyme, tuvieron clases sobre negocios, rotulado, etiquetado,&nbsp; t\u00e9cnicas y conocimientos de negocios, de manera de entregarles&nbsp; m\u00e1s conocimientos que s\u00f3lo hacer la conserva\u201d dijo.<\/p>\n<div class=\"fb-video\" data-href=\"https:\/\/www.facebook.com\/video.php?v=430152180498536\" data-width=\"100%\" data-allowfullscreen=\"true\"><\/div>\n<p>&nbsp;<\/p>\n\n","protected":false},"excerpt":{"rendered":"<p>Con la entrega de certificados a ocho dirigentes de adultos mayores de Molina, finaliz\u00f3 el curso de capacitaci\u00f3n \u201cElaboraci\u00f3n de mermeladas y conservas con frutos de la zona\u201d que realiz\u00f3 el Sence en conjunto con el Senama, en la comuna.<\/p>\n","protected":false},"author":1,"featured_media":1633,"comment_status":"open","ping_status":"open","sticky":false,"template":"","format":"standard","meta":{"footnotes":""},"categories":[80,4,25],"tags":[143,99,144,145,146],"_links":{"self":[{"href":"https:\/\/web.molina.cl\/index.php?rest_route=\/wp\/v2\/posts\/1632"}],"collection":[{"href":"https:\/\/web.molina.cl\/index.php?rest_route=\/wp\/v2\/posts"}],"about":[{"href":"https:\/\/web.molina.cl\/index.php?rest_route=\/wp\/v2\/types\/post"}],"author":[{"embeddable":true,"href":"https:\/\/web.molina.cl\/index.php?rest_route=\/wp\/v2\/users\/1"}],"replies":[{"embeddable":true,"href":"https:\/\/web.molina.cl\/index.php?rest_route=%2Fwp%2Fv2%2Fcomments&post=1632"}],"version-history":[{"count":1,"href":"https:\/\/web.molina.cl\/index.php?rest_route=\/wp\/v2\/posts\/1632\/revisions"}],"predecessor-version":[{"id":42796,"href":"https:\/\/web.molina.cl\/index.php?rest_route=\/wp\/v2\/posts\/1632\/revisions\/42796"}],"wp:featuredmedia":[{"embeddable":true,"href":"https:\/\/web.molina.cl\/index.php?rest_route=\/"}],"wp:attachment":[{"href":"https:\/\/web.molina.cl\/index.php?rest_route=%2Fwp%2Fv2%2Fmedia&parent=1632"}],"wp:term":[{"taxonomy":"category","embeddable":true,"href":"https:\/\/web.molina.cl\/index.php?rest_route=%2Fwp%2Fv2%2Fcategories&post=1632"},{"taxonomy":"post_tag","embeddable":true,"href":"https:\/\/web.molina.cl\/index.php?rest_route=%2Fwp%2Fv2%2Ftags&post=1632"}],"curies":[{"name":"wp","href":"https:\/\/api.w.org\/{rel}","templated":true}]}}