{"id":15872,"date":"2017-02-24T09:45:26","date_gmt":"2017-02-24T12:45:26","guid":{"rendered":"http:\/\/web.molina.cl\/?p=15872"},"modified":"2020-11-24T09:14:37","modified_gmt":"2020-11-24T13:14:37","slug":"molina-inicia-campana-solidaria-para-conseguir-camion-aljibe-para-bomberos","status":"publish","type":"post","link":"https:\/\/web.molina.cl\/?p=15872","title":{"rendered":"Molina inicia campa\u00f1a solidaria para conseguir cami\u00f3n aljibe para Bomberos"},"content":{"rendered":"<p>La municipalidad de Molina, en conjunto con el BancoEstado y los distintos Cuerpos de Bomberos de la comuna, iniciar\u00e1n una campa\u00f1a para recolectar dinero para lograr la compra de un cami\u00f3n aljibe para los voluntarios de la comuna, iniciativa que se efectuar\u00e1 durante las pr\u00f3ximas actividades musicales que realizar\u00e1 el municipio.<!--more--><\/p>\n<p>La campa\u00f1a econ\u00f3mica se iniciar\u00e1 en una primera instancia en el show musical que definir\u00e1 los temas que disputar\u00e1n el primer lugar folcl\u00f3rico en el pr\u00f3ximo Festival de la Vendimia 2017 y que se realizar\u00e1 este viernes 24 de febrero desde las 20 horas en la plaza de Lontu\u00e9.<\/p>\n<p>La campa\u00f1a continuar\u00e1 durante la Cumbre Guachaca Maulina, que se efectuar\u00e1 desde las 20 horas, al d\u00eda siguiente, este s\u00e1bado 25 de febrero, en el mismo recinto de Lontu\u00e9.<\/p>\n<p><strong>Compromiso con bomberos<\/strong><\/p>\n<p>\u201cNosotros como molinenses queremos agradecer a bomberos por todo su trabajo realizado durante las emergencias por los incendios forestales. Nuestra meta es lograr la mayor cantidad de dinero posible para comprar un cami\u00f3n aljibe que tanto necesitan los voluntarios&nbsp; y para eso contaremos con la ayuda del Banco Estado, instituci\u00f3n que dispondr\u00e1 de cajas auxiliares para recaudar el dinero\u201d dio la alcaldesa de Molina, Priscilla Castillo.<\/p>\n<p>&nbsp;<\/p>\n<p><strong>Festival de la Vendimia<\/strong><\/p>\n<p>Otro punto importante donde se realizar\u00e1 la campa\u00f1a de recolecci\u00f3n de dinero ser\u00e1 durante el Festival Folcl\u00f3rico de la Vendimia, los d\u00edas 10, 11 y 12 de marzo en la Plaza de Molina.<\/p>\n<p>Junto a las cajas auxiliares del Banco Estado, voluntarios de bomberos, debidamente identificados con la campa\u00f1a, estar\u00e1n recibiendo sus aportes durante el evento.<\/p>\n<p><strong>Bomberos agradece<\/strong><\/p>\n<p>El superintendente de Bomberos de Molina, Iv\u00e1n Retamales, agradeci\u00f3 la campa\u00f1a iniciada por la municipalidad, que ayudara a mejorar el material rodante existente para combatir incendios.<\/p>\n<p>\u201cEl cami\u00f3n aljibe que tenemos, no se encuentra en las mejores condiciones. Una de sus funciones es prestar apoyo a las comunas vecinas, pero lamentablemente por las condiciones mec\u00e1nicas en que se encuentra, no puede realizar largos viajes y esto no es posible\u201d dijo el superintendente Retamales.<\/p>\n<p>La m\u00e1xima autoridad bomberil de Molina hizo un llamado a los empresarios de la comuna a que tambi\u00e9n se involucren en la campa\u00f1a para lograr la&nbsp; compra de este cami\u00f3n,&nbsp; haciendo su dep\u00f3sito en la cuenta corriente <strong>43100013763<\/strong> del Banco Estado.<\/p>\n<p>&nbsp;<\/p>\n<div class=\"fb-video\" data-href=\"https:\/\/www.facebook.com\/municipalidadmolina\/videos\/720461544800930\/\" data-width=\"800\" data-show-text=\"true\">\n<blockquote class=\"fb-xfbml-parse-ignore\" cite=\"https:\/\/www.facebook.com\/municipalidadmolina\/videos\/720461544800930\/\"><p><a href=\"https:\/\/www.facebook.com\/municipalidadmolina\/videos\/720461544800930\/\">Campa\u00f1a Bomberos<\/a>[Video]<\/p><\/blockquote>\n<\/div>\n","protected":false},"excerpt":{"rendered":"<p>La municipalidad de Molina, en conjunto con el BancoEstado y los distintos Cuerpos de Bomberos de la comuna, iniciar\u00e1n una campa\u00f1a para recolectar dinero para lograr la compra de un cami\u00f3n aljibe para los voluntarios de la comuna, iniciativa que se efectuar\u00e1 durante las pr\u00f3ximas actividades musicales que realizar\u00e1 el municipio.<\/p>\n","protected":false},"author":1,"featured_media":15873,"comment_status":"open","ping_status":"open","sticky":false,"template":"","format":"standard","meta":{"footnotes":""},"categories":[3,4,44,28],"tags":[91,184,52],"_links":{"self":[{"href":"https:\/\/web.molina.cl\/index.php?rest_route=\/wp\/v2\/posts\/15872"}],"collection":[{"href":"https:\/\/web.molina.cl\/index.php?rest_route=\/wp\/v2\/posts"}],"about":[{"href":"https:\/\/web.molina.cl\/index.php?rest_route=\/wp\/v2\/types\/post"}],"author":[{"embeddable":true,"href":"https:\/\/web.molina.cl\/index.php?rest_route=\/wp\/v2\/users\/1"}],"replies":[{"embeddable":true,"href":"https:\/\/web.molina.cl\/index.php?rest_route=%2Fwp%2Fv2%2Fcomments&post=15872"}],"version-history":[{"count":1,"href":"https:\/\/web.molina.cl\/index.php?rest_route=\/wp\/v2\/posts\/15872\/revisions"}],"predecessor-version":[{"id":42412,"href":"https:\/\/web.molina.cl\/index.php?rest_route=\/wp\/v2\/posts\/15872\/revisions\/42412"}],"wp:featuredmedia":[{"embeddable":true,"href":"https:\/\/web.molina.cl\/index.php?rest_route=\/"}],"wp:attachment":[{"href":"https:\/\/web.molina.cl\/index.php?rest_route=%2Fwp%2Fv2%2Fmedia&parent=15872"}],"wp:term":[{"taxonomy":"category","embeddable":true,"href":"https:\/\/web.molina.cl\/index.php?rest_route=%2Fwp%2Fv2%2Fcategories&post=15872"},{"taxonomy":"post_tag","embeddable":true,"href":"https:\/\/web.molina.cl\/index.php?rest_route=%2Fwp%2Fv2%2Ftags&post=15872"}],"curies":[{"name":"wp","href":"https:\/\/api.w.org\/{rel}","templated":true}]}}