{"id":1574,"date":"2015-06-10T17:04:36","date_gmt":"2015-06-10T20:04:36","guid":{"rendered":"http:\/\/web.molina.cl\/?p=1574"},"modified":"2020-11-24T19:35:47","modified_gmt":"2020-11-24T23:35:47","slug":"proyecto-mauco-realiza-masivo-encuentro-con-estudiantes-y-la-comunidad-de-molina-2","status":"publish","type":"post","link":"https:\/\/web.molina.cl\/?p=1574","title":{"rendered":"Proyecto MAUCO realiza masivo encuentro con estudiantes y la comunidad de Molina"},"content":{"rendered":"<p style=\"text-align: justify;\">Con la asistencia de cerca de 250 personas, la Municipalidad de Molina y Centro Avanzado de Enfermedades Cr\u00f3nicas (ACCDIS, por su sigla en ingl\u00e9s) realizaron la actividad \u201cEducaci\u00f3n en c\u00e1ncer\u201d destinada a dar a conocer a la comunidad el proyecto Mauco, estudio de cohorte de enfermedades cr\u00f3nicas, que recoge los datos de cerca de diez mil personas de Molina por diez a\u00f1os.<!--more--><\/p>\n<p style=\"text-align: justify;\">La actividad, realizada en el Teatro Municipal de Molina, contempl\u00f3 la participaci\u00f3n de&nbsp; diversos especialistas en c\u00e1ncer e incluy\u00f3 la conferencia \u201c\u00bfQu\u00e9 es el c\u00e1ncer?\u201d, a cargo del m\u00e9dico Gareth Owen, quien explic\u00f3 detalles desconocidos de la enfermedad, adem\u00e1s de una mesa redonda con preguntas de los asistentes, con el desarrollo de temas ligados al padecimiento.<\/p>\n<p style=\"text-align: justify;\">\u201cEs muy significativo para nuestra comuna este tipo de evento hoy tuvimos un marco de p\u00fablico pero es importante que es evento se hagan en otras partes de la comuna, saber qu\u00e9 es c\u00e1ncer, c\u00f3mo se puede prevenir. Damos las gracias a los m\u00e9dicos que vinieron a entregar nuevos detalles de la enfermedad y muy contenta que Molina sea el epicentro de este estudio. Esta&nbsp; es una investigaci\u00f3n que nos va atraer resultados del porqu\u00e9 se produce, qu\u00e9 estamos haciendo mal y qu\u00e9 podemos mejorar. Hacemos un llamado&nbsp; a participar en este proyecto, que va a traer muchos beneficios a nuestra comuna y a Chile\u201d dijo la alcaldesa de la comuna de Molina&nbsp; <strong>Priscilla Castillo Gerli.<\/strong><\/p>\n<p style=\"text-align: justify;\"><strong>In\u00e9dito estudio <\/strong><\/p>\n<p style=\"text-align: justify;\">El origen de este estudio denominado <strong>Mauco<\/strong>, est\u00e1 basado en una inquietud que plante\u00f3 el Gobierno para analizar \u201cenfermedades cr\u00f3nicas del adulto para el siglo XXI\u201d y su objetivo es estudiar m\u00faltiples exposiciones que van teniendo las personas a lo largo del seguimiento. Cada individuo tendr\u00e1 su historia de exposici\u00f3n, de h\u00e1bitos como el tabaquismo, que d\u00f3nde trabaja, de salud mental, estado f\u00edsico, estado cognitivo y muestras biol\u00f3gicas guardadas en un biobanco. Estas evaluaciones y toma de muestras, que se realizan en el Hospital de Molina, &nbsp;se van repitiendo en el tiempo y cada persona tendr\u00e1 su historia de salud individual. Se analiza la evoluci\u00f3n de estas mediciones y su asociaci\u00f3n con los resultados de salud, desde deterioro cognitivo hasta enfermedades cardiovasculares, respiratorias o c\u00e1nceres.<\/p>\n<p style=\"text-align: justify;\">Los 10 mil participantes voluntarios de Molina, de entre 38 y 74 a\u00f1os, se seguir\u00e1n por al menos 10 a\u00f1os, generando un importante banco de informaci\u00f3n y de muestras biol\u00f3gicas. Ser\u00e1n evaluados completamente y as\u00ed prestar\u00e1n un servicio a la comuna, al pa\u00eds y a nivel latinoamericano, ya que esta investigaci\u00f3n se est\u00e1 realizando de una manera muy rigurosa con est\u00e1ndares internacionales que aportar\u00e1n informaci\u00f3n cient\u00edfica relevante.<strong>&nbsp;<\/strong><\/p>\n<p style=\"text-align: justify;\"><strong>Tierra f\u00e9rtil <\/strong><\/p>\n<p style=\"text-align: justify;\">La directora de Mauco, Dra. Catterina Ferrecio agradeci\u00f3 la convocatoria al evento y el inter\u00e9s de la comunidad en el proyecto, al tener ya&nbsp; m\u00e1s de 1450 muestras&nbsp; a igual n\u00famero de personas en 5 meses de trabajo en el hospital Santa Rosa de Molina.<\/p>\n<p style=\"text-align: justify;\">\u201cEstamos contentos con el inter\u00e9s que hemos tenido en Molina porque sentimos que hemos sembrado en tierra muy f\u00e9rtil, ha habido inter\u00e9s en la poblaci\u00f3n y en la comunidad en nuestro proyecto y nos motiva a seguir trabajando\u201d dijo la especialista.<\/p>\n<p style=\"text-align: justify;\">La doctora Ferrecio insisti\u00f3 en que el c\u00e1ncer se puede retrasar o en el mejor de los casos, evitarlo. \u201cTodos deber\u00edamos dejar de atacar nuestro cuerpo con cosas que nos hacen mal, como por ejemplo el cigarrillo, hay que dejar de fumar, pero no hay otra opci\u00f3n. Otra elemento es dejar de comer con mucha sal o evitarla si se puede, sobre todo sabiendo que la sal aumenta el riesgo de c\u00e1ncer al est\u00f3mago, dejar el az\u00facar, las frituras, que hacen da\u00f1os a nivel cardiovascular y c\u00e1ncer. Sobre todo hay que hacer ejercicio porque e ser humano est\u00e1 hecho para moverse y no estar sentado\u201d dijo la especialista.<\/p>\n<p style=\"text-align: justify;\"><strong>Primeros avances <\/strong><\/p>\n<p style=\"text-align: justify;\">La doctora Ferrecio manifest\u00f3 que como equipo cient\u00edfico hay muchas esperanzas de lograr resultados con el proyecto Mauco. \u201cEstamos confiados en que tendremos muchas respuestas a muchas cosas, sobre todos con nuestros datos que podemos aplicar ac\u00e1 y en Chile. Ya estamos trabajando en la pista de alguna explicaci\u00f3n para el c\u00e1ncer a la ves\u00edcula y queremos estudiar eso en Molina con los antecedentes que ac\u00e1 encontremos. Sabemos que hay algo que contamina los alimentos y que podr\u00eda explicar este tipo de c\u00e1ncer, por eso haremos estudios en los alimentos tambi\u00e9n\u201d finaliz\u00f3 la directora de Mauco.<\/p>\n<p style=\"text-align: justify;\">El trabajo de Mauco es una colaboraci\u00f3n entre las Universidades de Chile, Cat\u00f3lica y con el apoyo de la Universidad Cat\u00f3lica del Maule, con financiamiento de un fondo especial de Conycit que financia estudios que abordan un tema de relevancia para el pa\u00eds, Fondap.<\/p>\n<p style=\"text-align: justify;\">\n<div class=\"fb-video\" data-href=\"https:\/\/www.facebook.com\/video.php?v=429493597231061\" data-width=\"100%\" data-allowfullscreen=\"true\"><\/div>\n<p>&nbsp;<\/p>\n\n","protected":false},"excerpt":{"rendered":"<p>Con la asistencia de cerca de 250 personas, la Municipalidad de Molina y Centro Avanzado de Enfermedades Cr\u00f3nicas (ACCDIS, por su sigla en ingl\u00e9s) realizaron la actividad \u201cEducaci\u00f3n en c\u00e1ncer\u201d destinada a dar a conocer a la comunidad el proyecto Mauco, estudio de cohorte de enfermedades cr\u00f3nicas, que recoge los datos de cerca de diez [&hellip;]<\/p>\n","protected":false},"author":1,"featured_media":1575,"comment_status":"open","ping_status":"open","sticky":false,"template":"","format":"standard","meta":{"footnotes":""},"categories":[3,4,6,7],"tags":[],"_links":{"self":[{"href":"https:\/\/web.molina.cl\/index.php?rest_route=\/wp\/v2\/posts\/1574"}],"collection":[{"href":"https:\/\/web.molina.cl\/index.php?rest_route=\/wp\/v2\/posts"}],"about":[{"href":"https:\/\/web.molina.cl\/index.php?rest_route=\/wp\/v2\/types\/post"}],"author":[{"embeddable":true,"href":"https:\/\/web.molina.cl\/index.php?rest_route=\/wp\/v2\/users\/1"}],"replies":[{"embeddable":true,"href":"https:\/\/web.molina.cl\/index.php?rest_route=%2Fwp%2Fv2%2Fcomments&post=1574"}],"version-history":[{"count":1,"href":"https:\/\/web.molina.cl\/index.php?rest_route=\/wp\/v2\/posts\/1574\/revisions"}],"predecessor-version":[{"id":42800,"href":"https:\/\/web.molina.cl\/index.php?rest_route=\/wp\/v2\/posts\/1574\/revisions\/42800"}],"wp:featuredmedia":[{"embeddable":true,"href":"https:\/\/web.molina.cl\/index.php?rest_route=\/"}],"wp:attachment":[{"href":"https:\/\/web.molina.cl\/index.php?rest_route=%2Fwp%2Fv2%2Fmedia&parent=1574"}],"wp:term":[{"taxonomy":"category","embeddable":true,"href":"https:\/\/web.molina.cl\/index.php?rest_route=%2Fwp%2Fv2%2Fcategories&post=1574"},{"taxonomy":"post_tag","embeddable":true,"href":"https:\/\/web.molina.cl\/index.php?rest_route=%2Fwp%2Fv2%2Ftags&post=1574"}],"curies":[{"name":"wp","href":"https:\/\/api.w.org\/{rel}","templated":true}]}}