{"id":1491,"date":"2015-05-20T15:12:07","date_gmt":"2015-05-20T18:12:07","guid":{"rendered":"http:\/\/web.molina.cl\/?p=1491"},"modified":"2020-11-24T19:40:16","modified_gmt":"2020-11-24T23:40:16","slug":"proyecto-mauco-realiza-masivo-encuentro-con-estudiantes-y-la-comunidad-de-molina","status":"publish","type":"post","link":"https:\/\/web.molina.cl\/?p=1491","title":{"rendered":"Proyecto MAUCO realiza masivo encuentro con estudiantes y la comunidad de Molina"},"content":{"rendered":"<p style=\"text-align: justify;\">Este martes 9 de junio el Centro Avanzado de Enfermedades Cr\u00f3nicas (ACCDIS, por su sigla en ingl\u00e9s) realizar\u00e1 una actividad de educaci\u00f3n en c\u00e1ncer&nbsp; destinada a la poblaci\u00f3n de Molina, lugar escogido por la Facultad de Medicina UC para realizar el proyecto Mauco,<!--more--> un estudio de cohorte de enfermedades cr\u00f3nicas, que recoge los datos de cerca de diez mil personas por diez a\u00f1os, en un trabajo de colaboraci\u00f3n entre las Universidades de Chile, Cat\u00f3lica y con el apoyo de la Universidad Cat\u00f3lica del Maule, con financiamiento de un fondo especial de Conycit que financia estudios que abordan un tema de relevancia para el pa\u00eds, Fondap.<\/p>\n<p style=\"text-align: justify;\">La actividad, que se realizar\u00e1 desde las 14:00 en el Teatro Municipal de Molina, contempla la participaci\u00f3n de&nbsp; especialistas en c\u00e1ncer e incluye la conferencia \u201c\u00bfQu\u00e9 es el c\u00e1ncer?\u201d, adem\u00e1s de una mesa redonda con el desarrollo de temas ligados a la enfermedad. Para la actividad est\u00e1n invitados estudiantes de los liceos de Molina, as\u00ed como adultos y personas de le tercera edad de la comuna.<\/p>\n<p style=\"text-align: justify;\"><strong>In\u00e9dito estudio&nbsp; <\/strong><\/p>\n<p style=\"text-align: justify;\">\u201cMolina ser\u00e1 nuestra ciudad de referencia, nos permitir\u00e1 conocer las causas de las altas tasas de c\u00e1ncer y enfermedades al coraz\u00f3n. Con nuestra cohorte queremos hacer un estudio similar a lo que fue el de Framingham, donde se pudo determinar por ejemplo que ciertos niveles de colesterol son seguros y no se asocian a infarto,&nbsp; Ahora, en lugar de basarnos en datos extranjeros vamos determinar cu\u00e1les son los niveles seguros para nuestra poblaci\u00f3n, con nuestro clima, con nuestro suelo, con nuestra alimentaci\u00f3n, que produce ciertas enfermedades por sobre otras\u201d, explica la Dra. Catterina Ferreccio, quien encabeza el estudio.<\/p>\n<p style=\"text-align: justify;\">El origen de este estudio est\u00e1 basado en una inquietud que plante\u00f3 el Gobierno para analizar \u201cenfermedades cr\u00f3nicas del adulto para el siglo XXI\u201d y su objetivo es estudiar m\u00faltiples exposiciones que van teniendo las personas a lo largo del seguimiento. Cada individuo tendr\u00e1 su historia de exposici\u00f3n, de h\u00e1bitos como el tabaquismo, que d\u00f3nde trabaja, de salud mental, estado f\u00edsico, estado cognitivo y muestras biol\u00f3gicas guardadas en un biobanco. Estas evaluaciones y toma de muestras, que se realizan en el Hospital de Molina, &nbsp;se van repitiendo en el tiempo y cada persona tendr\u00e1 su historia de salud individual. Se analiza la evoluci\u00f3n de estas mediciones y su asociaci\u00f3n con los resultados de salud, desde deterioro cognitivo hasta enfermedades cardiovasculares, respiratorias o c\u00e1nceres.<\/p>\n<p style=\"text-align: justify;\">Los 10 mil participantes voluntarios de Molina, de entre 38 y 74 a\u00f1os, se seguir\u00e1n por al menos 10 a\u00f1os, generando un importante banco de informaci\u00f3n y de muestras biol\u00f3gicas. Ser\u00e1n evaluados completamente y as\u00ed prestar\u00e1n un servicio a la comuna, al pa\u00eds y a nivel latinoamericano, ya que esta investigaci\u00f3n se est\u00e1 realizando de una manera muy rigurosa con est\u00e1ndares internacionales que aportar\u00e1n informaci\u00f3n cient\u00edfica relevante.<\/p>\n<p style=\"text-align: justify;\">&nbsp;\u201cLo que se espera es que este estudio nos permita conocer los par\u00e1metros de normalidad y eso puede cambiar las pol\u00edticas de prevenci\u00f3n y control en un corto plazo, aunque mucha informaci\u00f3n valiosa se obtendr\u00e1 en un mediano y largo plazo, luego que ocurran los eventos de salud positivos y negativos\u00bb, puntualiz\u00f3 la Dra. Ferreccio.<\/p>\n<div class=\"fb-video\" data-href=\"https:\/\/www.facebook.com\/video.php?v=429493597231061\" data-width=\"100%\" data-allowfullscreen=\"true\"><\/div>\n<p>&nbsp;<\/p>\n\n","protected":false},"excerpt":{"rendered":"<p>Este martes 9 de junio el Centro Avanzado de Enfermedades Cr\u00f3nicas (ACCDIS, por su sigla en ingl\u00e9s) realizar\u00e1 una actividad de educaci\u00f3n en c\u00e1ncer&nbsp; destinada a la poblaci\u00f3n de Molina, lugar escogido por la Facultad de Medicina UC para realizar el proyecto Mauco,<\/p>\n","protected":false},"author":1,"featured_media":1492,"comment_status":"open","ping_status":"open","sticky":false,"template":"","format":"standard","meta":{"footnotes":""},"categories":[3,4,7,25],"tags":[83,84,85,86,87,88,89],"_links":{"self":[{"href":"https:\/\/web.molina.cl\/index.php?rest_route=\/wp\/v2\/posts\/1491"}],"collection":[{"href":"https:\/\/web.molina.cl\/index.php?rest_route=\/wp\/v2\/posts"}],"about":[{"href":"https:\/\/web.molina.cl\/index.php?rest_route=\/wp\/v2\/types\/post"}],"author":[{"embeddable":true,"href":"https:\/\/web.molina.cl\/index.php?rest_route=\/wp\/v2\/users\/1"}],"replies":[{"embeddable":true,"href":"https:\/\/web.molina.cl\/index.php?rest_route=%2Fwp%2Fv2%2Fcomments&post=1491"}],"version-history":[{"count":1,"href":"https:\/\/web.molina.cl\/index.php?rest_route=\/wp\/v2\/posts\/1491\/revisions"}],"predecessor-version":[{"id":42810,"href":"https:\/\/web.molina.cl\/index.php?rest_route=\/wp\/v2\/posts\/1491\/revisions\/42810"}],"wp:featuredmedia":[{"embeddable":true,"href":"https:\/\/web.molina.cl\/index.php?rest_route=\/"}],"wp:attachment":[{"href":"https:\/\/web.molina.cl\/index.php?rest_route=%2Fwp%2Fv2%2Fmedia&parent=1491"}],"wp:term":[{"taxonomy":"category","embeddable":true,"href":"https:\/\/web.molina.cl\/index.php?rest_route=%2Fwp%2Fv2%2Fcategories&post=1491"},{"taxonomy":"post_tag","embeddable":true,"href":"https:\/\/web.molina.cl\/index.php?rest_route=%2Fwp%2Fv2%2Ftags&post=1491"}],"curies":[{"name":"wp","href":"https:\/\/api.w.org\/{rel}","templated":true}]}}