{"id":1424,"date":"2015-06-01T20:16:26","date_gmt":"2015-06-01T23:16:26","guid":{"rendered":"http:\/\/web.molina.cl\/?p=1424"},"modified":"2020-11-24T19:35:59","modified_gmt":"2020-11-24T23:35:59","slug":"adultos-mayores-de-molina-presentan-libro-que-recoge-sus-historias-de-vida","status":"publish","type":"post","link":"https:\/\/web.molina.cl\/?p=1424","title":{"rendered":"Adultos Mayores de Molina presentan libro que recoge sus historias de vida"},"content":{"rendered":"<p style=\"text-align: justify;\">En el marco del d\u00eda del Patrimonio Cultural que se celebr\u00f3 este 31 de mayo, y con un marco de p\u00fablico que super\u00f3 las 200 personas, la Uni\u00f3n Comunal de&nbsp; Adultos Mayores de Molina present\u00f3 el libro \u201cLa noche de los braseros: Historias en palabras mayores\u201d, trabajo literario que recoge hechos relatadas por adultos mayores&nbsp; de toda la comuna.<!--more--><\/p>\n<p style=\"text-align: justify;\">La recopilaci\u00f3n de historias se realiz\u00f3 durante el a\u00f1o 2014 en un centenar de entrevistas realizadas en distintos sectores de la comuna, en una iniciativa comenzada por el secretario de la UCAM, Jos\u00e9 Delgado, quien falleci\u00f3 a finales del mismo a\u00f1o.<\/p>\n<p style=\"text-align: justify;\">\u201cEn este libro participan todos los clubes de adultos mayores de la comuna. Junto a un brasero, los socios compart\u00edan historias de vida de todo tipo, cuentos o vivencias con la intenci\u00f3n de que estas quedaran como herencia a las nuevas generaciones. Estas se recopilaron en un libro muy emocionante de leer\u201d dijo Eduardo Moreira, tesorero de la CAM.<\/p>\n<p style=\"text-align: justify;\"><strong>HOMENAJE P\u00d3STUMO <\/strong><\/p>\n<p style=\"text-align: justify;\">En el evento c\u00edvico, realizada en el teatro municipal de Molina, se realiz\u00f3 un homenaje al fallecido secretario de la UCAM, Jos\u00e9 Delgado, quien antes de fallecer alcanz\u00f3 a escribir el pr\u00f3logo del libro.<\/p>\n<p style=\"text-align: justify;\">Claudio Delgado, hijo del fallecido secretario de la UCAM, agradeci\u00f3 el homenaje recibido en el acto para su padre. \u201cComo familia nos emocion\u00f3 mucho, fue todo muy bonito y todas las palabras hacia \u00e9l reflejan lo que fue nuestro pap\u00e1, siempre muy dedicado en cada proyecto que empez\u00f3. Este era el trocito que faltaba para completar la imagen de pap\u00e1 que ten\u00edamos, as\u00ed que quedamos como familia muy contentos por el homenaje.<\/p>\n<p style=\"text-align: justify;\"><strong>LEGADO<\/strong><\/p>\n<p style=\"text-align: justify;\">La alcaldesa de la comuna, Priscilla Castillo, felicit\u00f3 a los autores del libro por la iniciativa de dejar un legado a las nuevas generaciones.&nbsp; \u201cEste libro lo llevaremos a la biblioteca municipal para que lo conozcan las j\u00f3venes de nuestra comuna, qu\u00e9 bueno es que estas historias no queden en el olvido y se recopilen en un libro, felicito&nbsp; a quienes llevaron a cabo y terminaron esta linda iniciativa, y un recuerdo especial a don Jos\u00e9 Delgado por sus ganas de trabajar&nbsp; por los adultos mayores\u201d dijo la primer autoridad comunal.<\/p>\n<p style=\"text-align: justify;\">En la actividad, realizada en el teatro municipal de Molina, se entreg\u00f3 adem\u00e1s un disco con las entrevistas realizadas a los socios, que&nbsp; finalmente son parte de este libro. Quienes est\u00e9n interesados en adquirir un ejemplar, deben acudir hasta la Casa del Adulto Mayor, ubicado en Av. Luis Cruz Mart\u00ednez, a un costado de la c\u00e1rcel de Molina.<\/p>\n<p style=\"text-align: justify;\">\n<div class=\"fb-post\" data-href=\"https:\/\/www.facebook.com\/molina.cultura\/posts\/450647085117889\" data-width=\"100%\"><\/div>\n","protected":false},"excerpt":{"rendered":"<p>En el marco del d\u00eda del Patrimonio Cultural que se celebr\u00f3 este 31 de mayo, y con un marco de p\u00fablico que super\u00f3 las 200 personas, la Uni\u00f3n Comunal de&nbsp; Adultos Mayores de Molina present\u00f3 el libro \u201cLa noche de los braseros: Historias en palabras mayores\u201d, trabajo literario que recoge hechos relatadas por adultos mayores&nbsp; [&hellip;]<\/p>\n","protected":false},"author":1,"featured_media":1425,"comment_status":"open","ping_status":"open","sticky":false,"template":"","format":"standard","meta":{"footnotes":""},"categories":[80,2,4],"tags":[102,103,104,105],"_links":{"self":[{"href":"https:\/\/web.molina.cl\/index.php?rest_route=\/wp\/v2\/posts\/1424"}],"collection":[{"href":"https:\/\/web.molina.cl\/index.php?rest_route=\/wp\/v2\/posts"}],"about":[{"href":"https:\/\/web.molina.cl\/index.php?rest_route=\/wp\/v2\/types\/post"}],"author":[{"embeddable":true,"href":"https:\/\/web.molina.cl\/index.php?rest_route=\/wp\/v2\/users\/1"}],"replies":[{"embeddable":true,"href":"https:\/\/web.molina.cl\/index.php?rest_route=%2Fwp%2Fv2%2Fcomments&post=1424"}],"version-history":[{"count":1,"href":"https:\/\/web.molina.cl\/index.php?rest_route=\/wp\/v2\/posts\/1424\/revisions"}],"predecessor-version":[{"id":42804,"href":"https:\/\/web.molina.cl\/index.php?rest_route=\/wp\/v2\/posts\/1424\/revisions\/42804"}],"wp:featuredmedia":[{"embeddable":true,"href":"https:\/\/web.molina.cl\/index.php?rest_route=\/"}],"wp:attachment":[{"href":"https:\/\/web.molina.cl\/index.php?rest_route=%2Fwp%2Fv2%2Fmedia&parent=1424"}],"wp:term":[{"taxonomy":"category","embeddable":true,"href":"https:\/\/web.molina.cl\/index.php?rest_route=%2Fwp%2Fv2%2Fcategories&post=1424"},{"taxonomy":"post_tag","embeddable":true,"href":"https:\/\/web.molina.cl\/index.php?rest_route=%2Fwp%2Fv2%2Ftags&post=1424"}],"curies":[{"name":"wp","href":"https:\/\/api.w.org\/{rel}","templated":true}]}}