{"id":14231,"date":"2016-12-07T09:16:24","date_gmt":"2016-12-07T12:16:24","guid":{"rendered":"http:\/\/web.molina.cl\/?p=14231"},"modified":"2020-11-24T09:26:00","modified_gmt":"2020-11-24T13:26:00","slug":"asume-nuevo-concejo-municipal-en-molina-y-alcaldesa-reelecta","status":"publish","type":"post","link":"https:\/\/web.molina.cl\/?p=14231","title":{"rendered":"Asume nuevo concejo Municipal en Molina y Alcaldesa reelecta"},"content":{"rendered":"<p style=\"text-align: justify;\">En una ceremonia oficial realizada en el gimnasio municipal de Molina, y con la participaci\u00f3n de medio millar de personas,&nbsp; se realiz\u00f3 la asunci\u00f3n del nuevo Concejo Municipal periodo 2016-2020 para la comuna.<!--more--><\/p>\n<p style=\"text-align: justify;\">La ceremonia oficial present\u00f3 a los asistentes a los concejales releectos en las pasadas elecciones del mes de octubre: Hugo Guajardo (UDI), Felipe M\u00e9ndez (DC), Patricio Vergara (PPD) y Julio Seguel (PS), &nbsp;adem\u00e1s de los nuevos concejales, Sergio Campos (DC) y Francisco Vald\u00e9s (Independiente-PRSD), junto a la reelecta alcaldesa por un nuevo per\u00edodo Priscilla Castillo Gerli (DC).<\/p>\n<p style=\"text-align: justify;\">Tras la ceremonia de juramento y de lectura oficial del acta constitutiva se dio inici\u00f3 al concejo municipal, instancia que se acord\u00f3 realizar los tres primeros jueves de cada mes, a las 9:30 de la ma\u00f1ana.<\/p>\n<p style=\"text-align: justify;\">Tras la votaci\u00f3n, Castillo Gerli realiz\u00f3 su primer discurso como alcaldesa reelecta, donde explic\u00f3 los ejes fundamentales de su gesti\u00f3n y asegur\u00f3 que durante los nuevos cuatro&nbsp;a\u00f1os de su mandato seguir\u00e1 trabajando por mejorar la calidad de vida de los vecinos de la comuna.<\/p>\n<p style=\"text-align: justify;\">&nbsp;\u201cAgradezco a Dios por esta nueva oportunidad que me dio para dirigir los destinos de Molina, gracias a mi familia y a todos los funcionarios municipales &nbsp;, a las autoridades que me han apoyado en estos cuatro a\u00f1os&nbsp; de gesti\u00f3n. Agradezco a los comerciantes adultos mayores dirigentes, a las distintas iglesias, a mis adultos mayores, son muchos los abrazos que tenemos que dar para agradecer este cari\u00f1o que recib\u00ed &nbsp;durante las elecciones, es un privilegio servir a mi comuna y ser\u00e9 la alcaldesa de los que votaron y de quienes no votaron por mi, porque en Molina Todos importan\u201d dijo emocionada la Alcaldesa Priscilla Castillo Gerli.<\/p>\n<p><iframe loading=\"lazy\" src=\"https:\/\/www.youtube.com\/embed\/NIPhf09L6lE\" width=\"100%\" height=\"150\" frameborder=\"0\" allowfullscreen=\"allowfullscreen\"><\/iframe><\/p>\n<p style=\"text-align: justify;\">\n","protected":false},"excerpt":{"rendered":"<p>En una ceremonia oficial realizada en el gimnasio municipal de Molina, y con la participaci\u00f3n de medio millar de personas,&nbsp; se realiz\u00f3 la asunci\u00f3n del nuevo Concejo Municipal periodo 2016-2020 para la comuna.<\/p>\n","protected":false},"author":1,"featured_media":14232,"comment_status":"open","ping_status":"open","sticky":false,"template":"","format":"standard","meta":{"footnotes":""},"categories":[3,4,25],"tags":[2223,526,2224,2225,2226,531,2227,2228],"_links":{"self":[{"href":"https:\/\/web.molina.cl\/index.php?rest_route=\/wp\/v2\/posts\/14231"}],"collection":[{"href":"https:\/\/web.molina.cl\/index.php?rest_route=\/wp\/v2\/posts"}],"about":[{"href":"https:\/\/web.molina.cl\/index.php?rest_route=\/wp\/v2\/types\/post"}],"author":[{"embeddable":true,"href":"https:\/\/web.molina.cl\/index.php?rest_route=\/wp\/v2\/users\/1"}],"replies":[{"embeddable":true,"href":"https:\/\/web.molina.cl\/index.php?rest_route=%2Fwp%2Fv2%2Fcomments&post=14231"}],"version-history":[{"count":1,"href":"https:\/\/web.molina.cl\/index.php?rest_route=\/wp\/v2\/posts\/14231\/revisions"}],"predecessor-version":[{"id":42446,"href":"https:\/\/web.molina.cl\/index.php?rest_route=\/wp\/v2\/posts\/14231\/revisions\/42446"}],"wp:featuredmedia":[{"embeddable":true,"href":"https:\/\/web.molina.cl\/index.php?rest_route=\/"}],"wp:attachment":[{"href":"https:\/\/web.molina.cl\/index.php?rest_route=%2Fwp%2Fv2%2Fmedia&parent=14231"}],"wp:term":[{"taxonomy":"category","embeddable":true,"href":"https:\/\/web.molina.cl\/index.php?rest_route=%2Fwp%2Fv2%2Fcategories&post=14231"},{"taxonomy":"post_tag","embeddable":true,"href":"https:\/\/web.molina.cl\/index.php?rest_route=%2Fwp%2Fv2%2Ftags&post=14231"}],"curies":[{"name":"wp","href":"https:\/\/api.w.org\/{rel}","templated":true}]}}