{"id":14084,"date":"2016-11-25T12:59:40","date_gmt":"2016-11-25T15:59:40","guid":{"rendered":"http:\/\/web.molina.cl\/?p=14084"},"modified":"2020-11-24T09:28:35","modified_gmt":"2020-11-24T13:28:35","slug":"masiva-participacion-de-nueva-feria-de-servicios-en-molina","status":"publish","type":"post","link":"https:\/\/web.molina.cl\/?p=14084","title":{"rendered":"Masiva participaci\u00f3n de nueva Feria de Servicios en Molina"},"content":{"rendered":"<p style=\"text-align: justify;\">Una nueva Feria de Servicios se realiz\u00f3 este jueves 24 de noviembre en la plaza de armas, esta vez organizada por la Red Comunal de Molina y enmarcada en nuestro 182\u00b0 aniversario comunal.<!--more--><\/p>\n<p style=\"text-align: justify;\">Estuvieron presentes el Departamento de Acciones Comunitarias de Carabineros, el Poder Judicial y la Corporaci\u00f3n de Asistencia Judicial, la Fundaci\u00f3n Crate, la Agr\u00edcola Garc\u00e9s, el Centro de la Mujer de Molina, la Polic\u00eda de Investigaciones, el Centro Comunal de Diagnostico, la OPD&nbsp; y Senda Previene de Molina.<\/p>\n<div class=\"fb-video\" data-href=\"https:\/\/www.facebook.com\/municipalidadmolina\/videos\/674420352738383\/\" data-width=\"700\"><\/div>\n<p>&nbsp;<br \/>\n<\/p>\n","protected":false},"excerpt":{"rendered":"<p>Una nueva Feria de Servicios se realiz\u00f3 este jueves 24 de noviembre en la plaza de armas, esta vez organizada por la Red Comunal de Molina y enmarcada en nuestro 182\u00b0 aniversario comunal.<\/p>\n","protected":false},"author":1,"featured_media":14087,"comment_status":"open","ping_status":"open","sticky":false,"template":"","format":"standard","meta":{"footnotes":""},"categories":[3,4,64,1704,25],"tags":[837,2190,1211,2191,619,2192,741],"_links":{"self":[{"href":"https:\/\/web.molina.cl\/index.php?rest_route=\/wp\/v2\/posts\/14084"}],"collection":[{"href":"https:\/\/web.molina.cl\/index.php?rest_route=\/wp\/v2\/posts"}],"about":[{"href":"https:\/\/web.molina.cl\/index.php?rest_route=\/wp\/v2\/types\/post"}],"author":[{"embeddable":true,"href":"https:\/\/web.molina.cl\/index.php?rest_route=\/wp\/v2\/users\/1"}],"replies":[{"embeddable":true,"href":"https:\/\/web.molina.cl\/index.php?rest_route=%2Fwp%2Fv2%2Fcomments&post=14084"}],"version-history":[{"count":1,"href":"https:\/\/web.molina.cl\/index.php?rest_route=\/wp\/v2\/posts\/14084\/revisions"}],"predecessor-version":[{"id":42454,"href":"https:\/\/web.molina.cl\/index.php?rest_route=\/wp\/v2\/posts\/14084\/revisions\/42454"}],"wp:featuredmedia":[{"embeddable":true,"href":"https:\/\/web.molina.cl\/index.php?rest_route=\/"}],"wp:attachment":[{"href":"https:\/\/web.molina.cl\/index.php?rest_route=%2Fwp%2Fv2%2Fmedia&parent=14084"}],"wp:term":[{"taxonomy":"category","embeddable":true,"href":"https:\/\/web.molina.cl\/index.php?rest_route=%2Fwp%2Fv2%2Fcategories&post=14084"},{"taxonomy":"post_tag","embeddable":true,"href":"https:\/\/web.molina.cl\/index.php?rest_route=%2Fwp%2Fv2%2Ftags&post=14084"}],"curies":[{"name":"wp","href":"https:\/\/api.w.org\/{rel}","templated":true}]}}