{"id":13915,"date":"2016-11-16T15:24:18","date_gmt":"2016-11-16T18:24:18","guid":{"rendered":"http:\/\/web.molina.cl\/?p=13915"},"modified":"2020-11-24T09:28:44","modified_gmt":"2020-11-24T13:28:44","slug":"todo-un-exito-la-6ta-version-de-la-vuelta-ciclista-femenina-nacional-2016","status":"publish","type":"post","link":"https:\/\/web.molina.cl\/?p=13915","title":{"rendered":"Todo un \u00e9xito la 6ta versi\u00f3n de la Vuelta Ciclista Femenina Nacional 2016"},"content":{"rendered":"<p style=\"text-align: justify;\">Con la participaci\u00f3n de casi cien competidoras, se realiz\u00f3 el pasado&nbsp;s\u00e1bado 12 y domingo 13 de noviembre la \u201cVuelta Ciclista Femenina Nacional 2016\u201d.<!--more--><\/p>\n<p style=\"text-align: justify;\">Un sol abrazador recibi\u00f3 a las deportistas provenientes &nbsp;de distintos lugares del pa\u00eds y que durante &nbsp;dos d\u00edas participaron recorrieron las tres pruebas:&nbsp; La primera&nbsp; fue la contra reloj realizada en Pichingal, luego el Circuito Urbano en la villa Don Sebasti\u00e1n,&nbsp; terminando con la prueba de fondo Desde la plaza de armas Molina hasta el sector el Empalme.<\/p>\n<p style=\"text-align: justify;\">En las categor\u00eda&nbsp; general infantil venci\u00f3 Gabriela Alarc\u00f3n, del club juventud ciclista Coyhaique. En la categor\u00eda general&nbsp; juvenil el primer lugar lo obtuvo Paulina Vejar del club ciclista Vip. En la categor\u00eda general&nbsp; Intermedia venci\u00f3 Catalina Soto del club Grottes. En la categor\u00eda general&nbsp; Junior triunf\u00f3 la ciclista Anany Mu\u00f1oz, del club Chile Espa\u00f1a San Fernando. Finalmente En la categor\u00eda general&nbsp; Elite venci\u00f3 Constanza Paredes del club Bontrager.<\/p>\n<div class=\"fb-video\" data-href=\"https:\/\/www.facebook.com\/municipalidadmolina\/videos\/670030413177377\/\" data-width=\"700\"><\/div>\n<p>&nbsp;<br \/>\n<\/p>\n","protected":false},"excerpt":{"rendered":"<p>Con la participaci\u00f3n de casi cien competidoras, se realiz\u00f3 el pasado&nbsp;s\u00e1bado 12 y domingo 13 de noviembre la \u201cVuelta Ciclista Femenina Nacional 2016\u201d.<\/p>\n","protected":false},"author":1,"featured_media":13935,"comment_status":"open","ping_status":"open","sticky":false,"template":"","format":"standard","meta":{"footnotes":""},"categories":[35,4,40,25],"tags":[2153,2154,2155,2156,2157,2158],"_links":{"self":[{"href":"https:\/\/web.molina.cl\/index.php?rest_route=\/wp\/v2\/posts\/13915"}],"collection":[{"href":"https:\/\/web.molina.cl\/index.php?rest_route=\/wp\/v2\/posts"}],"about":[{"href":"https:\/\/web.molina.cl\/index.php?rest_route=\/wp\/v2\/types\/post"}],"author":[{"embeddable":true,"href":"https:\/\/web.molina.cl\/index.php?rest_route=\/wp\/v2\/users\/1"}],"replies":[{"embeddable":true,"href":"https:\/\/web.molina.cl\/index.php?rest_route=%2Fwp%2Fv2%2Fcomments&post=13915"}],"version-history":[{"count":1,"href":"https:\/\/web.molina.cl\/index.php?rest_route=\/wp\/v2\/posts\/13915\/revisions"}],"predecessor-version":[{"id":42460,"href":"https:\/\/web.molina.cl\/index.php?rest_route=\/wp\/v2\/posts\/13915\/revisions\/42460"}],"wp:featuredmedia":[{"embeddable":true,"href":"https:\/\/web.molina.cl\/index.php?rest_route=\/"}],"wp:attachment":[{"href":"https:\/\/web.molina.cl\/index.php?rest_route=%2Fwp%2Fv2%2Fmedia&parent=13915"}],"wp:term":[{"taxonomy":"category","embeddable":true,"href":"https:\/\/web.molina.cl\/index.php?rest_route=%2Fwp%2Fv2%2Fcategories&post=13915"},{"taxonomy":"post_tag","embeddable":true,"href":"https:\/\/web.molina.cl\/index.php?rest_route=%2Fwp%2Fv2%2Ftags&post=13915"}],"curies":[{"name":"wp","href":"https:\/\/api.w.org\/{rel}","templated":true}]}}