{"id":13171,"date":"2016-10-11T17:29:19","date_gmt":"2016-10-11T20:29:19","guid":{"rendered":"http:\/\/web.molina.cl\/?p=13171"},"modified":"2020-11-24T09:33:01","modified_gmt":"2020-11-24T13:33:01","slug":"primera-expo-aves-presento-gallina-mapuche-a-ninos-de-nuestra-comuna","status":"publish","type":"post","link":"https:\/\/web.molina.cl\/?p=13171","title":{"rendered":"Primera Expo Aves present\u00f3 gallina mapuche a ni\u00f1os de nuestra Comuna"},"content":{"rendered":"<p style=\"text-align: justify;\">Con una asistencia superior a lo esperado se realiz\u00f3 la primera versi\u00f3n de la Expo Aves, feria av\u00edcola que reuni\u00f3 a m\u00e1s de 30 expositores de la comuna y del pa\u00eds.<!--more--><\/p>\n<p style=\"text-align: justify;\">En la actividad, realizada en la Escuela Agr\u00edcola de Molina,&nbsp; la estrella fue la &nbsp;gallina mapuche, especie que el p\u00fablico asistente pudo apreciar y conocer las bondades de sus saludables huevos azules, exclusivos de este bello ejemplar.<\/p>\n<p style=\"text-align: justify;\">Seg\u00fan Guillermo Holzer, criador de esta especie de av\u00edcola, la gallina ind\u00edgena tiene tres especies. \u201cEs una raza que tiene tres alternativas, una es la gallina Collonca, que no tiene cola, otra es la Quetro, que tiene unos aretes al costado de la cabeza y tiene cola y la mezcla de ambas es la Collonca de aretes, que no tiene cola y tiene aretes en la cabeza\u201d dijo el criador.<\/p>\n<p style=\"text-align: justify;\"><strong>Alta convocatoria <\/strong><\/p>\n<p style=\"text-align: justify;\">Alejandra&nbsp; Sobarzo, organizadora del evento y propietaria de la empresa Aves Suyai de Molina,&nbsp; dedicada hace 5 a\u00f1os al rescate y conservaci\u00f3n de la gallina mapuche, destac\u00f3 la excelente convocatoria que tuvo el evento.<\/p>\n<p style=\"text-align: justify;\">\u201cPara ser la primera vez que reunimos a tantos criadores, estamos muy contentos porque tuvimos una respuesta muy favorable, quienes asistieron mostraron su trabajo, que implica mucho esfuerzo y se cumpli\u00f3 el objetivo, que es dar a conocer la gallina mapuche. Agradecemos a la Corporaci\u00f3n de Turismo de Molina y a la escuela Agr\u00edcola, por el apoyo a esta actividad\u201d.<\/p>\n<p style=\"text-align: justify;\">La actividad incluy\u00f3 diversas charlas de introducci\u00f3n al manejo y crianza de las gallinas mapuches, as\u00ed como la exposici\u00f3n de otras coloridas aves. Los ni\u00f1os fueron los que m\u00e1s disfrutaron de la actividad.<\/p>\n<p style=\"text-align: justify;\">Para David Bugue\u00f1o, &nbsp;gerente de la Corporaci\u00f3n de Turismo, esta primera versi\u00f3n de la Expo aves fue todo un \u00e9xito. \u201cEsta actividad ha sido tambi\u00e9n un evento muy familiar, llena de ni\u00f1os, muchos de ellos por primera vez ve\u00edan esta especie de ave y otras m\u00e1s. Como&nbsp; Corporaci\u00f3n estamos siempre organizando&nbsp; este tipo de eventos familiares, as\u00ed que aprovecho de invitar a todos asistir a Molina al plato, que realizaremos la pr\u00f3xima semana en la plaza de Molina\u201d.<\/p>\n<p style=\"text-align: justify;\">La primera \u201cExpo Aves\u201d realizada en la Escuela Agr\u00edcola de Molina incluy\u00f3 tambi\u00e9n una Granja Educativa, venta de artesan\u00eda, de huevos y de diversos productos para los asistentes.<\/p>\n<div class=\"fb-video\" data-href=\"https:\/\/www.facebook.com\/municipalidadmolina\/videos\/651180288395723\/\" data-width=\"700\"><\/div>\n<p>&nbsp;<br \/>\n<\/p>\n","protected":false},"excerpt":{"rendered":"<p>Con una asistencia superior a lo esperado se realiz\u00f3 la primera versi\u00f3n de la Expo Aves, feria av\u00edcola que reuni\u00f3 a m\u00e1s de 30 expositores de la comuna y del pa\u00eds.<\/p>\n","protected":false},"author":1,"featured_media":13174,"comment_status":"open","ping_status":"open","sticky":false,"template":"","format":"standard","meta":{"footnotes":""},"categories":[42,4,16,25],"tags":[2100,2101,873,759,2102,2103,2104,2105,2106],"_links":{"self":[{"href":"https:\/\/web.molina.cl\/index.php?rest_route=\/wp\/v2\/posts\/13171"}],"collection":[{"href":"https:\/\/web.molina.cl\/index.php?rest_route=\/wp\/v2\/posts"}],"about":[{"href":"https:\/\/web.molina.cl\/index.php?rest_route=\/wp\/v2\/types\/post"}],"author":[{"embeddable":true,"href":"https:\/\/web.molina.cl\/index.php?rest_route=\/wp\/v2\/users\/1"}],"replies":[{"embeddable":true,"href":"https:\/\/web.molina.cl\/index.php?rest_route=%2Fwp%2Fv2%2Fcomments&post=13171"}],"version-history":[{"count":1,"href":"https:\/\/web.molina.cl\/index.php?rest_route=\/wp\/v2\/posts\/13171\/revisions"}],"predecessor-version":[{"id":42476,"href":"https:\/\/web.molina.cl\/index.php?rest_route=\/wp\/v2\/posts\/13171\/revisions\/42476"}],"wp:featuredmedia":[{"embeddable":true,"href":"https:\/\/web.molina.cl\/index.php?rest_route=\/"}],"wp:attachment":[{"href":"https:\/\/web.molina.cl\/index.php?rest_route=%2Fwp%2Fv2%2Fmedia&parent=13171"}],"wp:term":[{"taxonomy":"category","embeddable":true,"href":"https:\/\/web.molina.cl\/index.php?rest_route=%2Fwp%2Fv2%2Fcategories&post=13171"},{"taxonomy":"post_tag","embeddable":true,"href":"https:\/\/web.molina.cl\/index.php?rest_route=%2Fwp%2Fv2%2Ftags&post=13171"}],"curies":[{"name":"wp","href":"https:\/\/api.w.org\/{rel}","templated":true}]}}