{"id":12898,"date":"2016-09-28T15:33:51","date_gmt":"2016-09-28T18:33:51","guid":{"rendered":"http:\/\/web.molina.cl\/?p=12898"},"modified":"2020-11-24T09:36:58","modified_gmt":"2020-11-24T13:36:58","slug":"molina-celebro-dia-mundial-del-turismo-en-nuestro-parque-nacional-radal-siete-tazas","status":"publish","type":"post","link":"https:\/\/web.molina.cl\/?p=12898","title":{"rendered":"Molina celebr\u00f3 D\u00eda Mundial del Turismo en nuestro Parque Nacional Radal Siete Tazas"},"content":{"rendered":"<p style=\"text-align: justify;\">Con un entretenido y distinto viaje a la pre cordillera, la comuna de Molina celebr\u00f3 este 27 de septiembre el&nbsp; d\u00eda del mundial del Turismo.<!--more--><\/p>\n<p style=\"text-align: justify;\">Este a\u00f1o la conmemoraci\u00f3n tuvo un car\u00e1cter especial. \u201cTurismo para todos\u201d fue el lema de la versi\u00f3n 2016 y la intenci\u00f3n es que los participantes del viaje disfrutaran de las maravillas de la naturaleza que tiene nuestra comuna, en especial las ubicadas en el Parque Nacional Radal Siete tazas, ubicado a 55 kil\u00f3metros de Molina.<\/p>\n<p style=\"text-align: justify;\">Para ello los invitados fueron alumnos de la Escuela Diferencial Esperanza, y miembros del concejo comunal de la discapacidad de Molina y de Curic\u00f3, en un viaje destinado a hacer conciencia tur\u00edstica y ambiental y destacar que conocer la naturaleza es un derecho para todos.<\/p>\n<p style=\"text-align: justify;\"><strong>Belleza natural <\/strong><\/p>\n<p style=\"text-align: justify;\">La primera parada fue en la Escuela Radal, donde un pie de cueca preparados por los alumnos dio la bienvenida a las delegaciones que se dirig\u00edan m\u00e1s arriba. Luego el viaje tuvo una segunda detenci\u00f3n, &nbsp;esta vez en \u201cVelo de La Novia\u201d, &nbsp;donde los invitados apreciaron la belleza de la majestuosa ca\u00edda de agua de m\u00e1s de 50 metros de altura.<\/p>\n<p style=\"text-align: justify;\">El \u201cRadal 7 tazas\u201d fue la siguiente parada donde los invitados recibieron una charla tur\u00edstica y se desplazaron por los nuevos senderos construidos por CONAF, &nbsp;que permiten tambi\u00e9n el traslado de personas con capacidades diferentes.<\/p>\n<p style=\"text-align: justify;\">\u201cEn todo el mundo se celebra el D\u00eda Mundial del Turismo\u201d, hoy queremos que no hayan barreras para que todas las personas puedan hacer turismo y por eso hemos venido a las instalaciones de Conaf del Parque Nacional radal Siete Tazas, con grupos de personas&nbsp; con capacidades diferentes, permiti\u00e9ndoles a ellos a pesar de su baja movilidad, acceder a estas bellezas naturales \u00fanicas en el pa\u00eds\u201d,&nbsp; dijo David Bugue\u00f1o, &nbsp;gerente de la Corporaci\u00f3n de Turismo.<\/p>\n<p style=\"text-align: justify;\"><strong>M\u00e1s Accesibilidad<\/strong><\/p>\n<p style=\"text-align: justify;\">Manuel Figueroa, secretario del Consejo Comunal de la Discapacidad de Molina, agradeci\u00f3 la oportunidad de volver a visitar el parque, donde hab\u00eda estado hace 30 a\u00f1os atr\u00e1s, antes de sufrir los problemas de salud que le hab\u00edan impedido regresar al lugar.<\/p>\n<p style=\"text-align: justify;\">\u201cLas personas con la discapacidad como la que yo tengo por ejemplo, no podemos acceder a estos lugares tan hermosos, no queda m\u00e1s que felicitar esta iniciativa de hacer ramplas para las personas con poca movilidad, agradecer tambi\u00e9n las campa\u00f1as de limpieza de basura y reciclaje, porque ahora est\u00e1&nbsp; todo muy limpio y ordenado\u201d dijo Manuel Figueroa.<\/p>\n<p style=\"text-align: justify;\">El viaje termin\u00f3 con un picnic en las instalaciones facilitadas por CONAF en Parque Ingl\u00e9s, donde los visitantes conocieron la belleza del lugar y compartieron un almuerzo para celebrar el d\u00eda mundial del turismo.<\/p>\n\n","protected":false},"excerpt":{"rendered":"<p>Con un entretenido y distinto viaje a la pre cordillera, la comuna de Molina celebr\u00f3 este 27 de septiembre el&nbsp; d\u00eda del mundial del Turismo.<\/p>\n","protected":false},"author":1,"featured_media":12911,"comment_status":"open","ping_status":"open","sticky":false,"template":"","format":"standard","meta":{"footnotes":""},"categories":[4,16,40,64,8],"tags":[2058,217,873,77,2059,2060,2061,2062,786,2063,1856],"_links":{"self":[{"href":"https:\/\/web.molina.cl\/index.php?rest_route=\/wp\/v2\/posts\/12898"}],"collection":[{"href":"https:\/\/web.molina.cl\/index.php?rest_route=\/wp\/v2\/posts"}],"about":[{"href":"https:\/\/web.molina.cl\/index.php?rest_route=\/wp\/v2\/types\/post"}],"author":[{"embeddable":true,"href":"https:\/\/web.molina.cl\/index.php?rest_route=\/wp\/v2\/users\/1"}],"replies":[{"embeddable":true,"href":"https:\/\/web.molina.cl\/index.php?rest_route=%2Fwp%2Fv2%2Fcomments&post=12898"}],"version-history":[{"count":1,"href":"https:\/\/web.molina.cl\/index.php?rest_route=\/wp\/v2\/posts\/12898\/revisions"}],"predecessor-version":[{"id":42486,"href":"https:\/\/web.molina.cl\/index.php?rest_route=\/wp\/v2\/posts\/12898\/revisions\/42486"}],"wp:featuredmedia":[{"embeddable":true,"href":"https:\/\/web.molina.cl\/index.php?rest_route=\/"}],"wp:attachment":[{"href":"https:\/\/web.molina.cl\/index.php?rest_route=%2Fwp%2Fv2%2Fmedia&parent=12898"}],"wp:term":[{"taxonomy":"category","embeddable":true,"href":"https:\/\/web.molina.cl\/index.php?rest_route=%2Fwp%2Fv2%2Fcategories&post=12898"},{"taxonomy":"post_tag","embeddable":true,"href":"https:\/\/web.molina.cl\/index.php?rest_route=%2Fwp%2Fv2%2Ftags&post=12898"}],"curies":[{"name":"wp","href":"https:\/\/api.w.org\/{rel}","templated":true}]}}