{"id":11407,"date":"2016-08-10T14:07:03","date_gmt":"2016-08-10T17:07:03","guid":{"rendered":"http:\/\/web.molina.cl\/?p=11407"},"modified":"2020-11-24T09:47:25","modified_gmt":"2020-11-24T13:47:25","slug":"5ta-feria-campesina-intercomunal-se-realizara-12-13-y-14-agosto-en-plaza-de-molina","status":"publish","type":"post","link":"https:\/\/web.molina.cl\/?p=11407","title":{"rendered":"5ta Feria Campesina Intercomunal se realizar\u00e1 12, 13 y 14 agosto en Plaza de Molina"},"content":{"rendered":"<p style=\"text-align: justify;\">Del 12 al 14 de agosto se realizar\u00e1 una nueva versi\u00f3n de la Feria Campesina Intercomunal, que por tercer a\u00f1o consecutivo se realiza en la ciudad de Molina.<!--more--><\/p>\n<p style=\"text-align: justify;\">La quinta muestra re\u00fane a los mejores productores hort\u00edcolas y artesanos de la zona y ser\u00e1 acompa\u00f1ada con muestras folkl\u00f3ricas de danza y m\u00fasica con los mejores exponentes en cada g\u00e9nero.<\/p>\n<p style=\"text-align: justify;\">Cada a\u00f1o la&nbsp; Feria Campesina crece tanto en el n\u00famero de participantes como en la calidad y variedad de productos que se exponen, seg\u00fan lo se\u00f1al\u00f3&nbsp; Jos\u00e9 Rivera, artesano de Sagrada Familia,&nbsp; participante y uno de los organizadores de esta quinta versi\u00f3n.<\/p>\n<p style=\"text-align: justify;\">Entre otras actividades, el evento&nbsp; tendr\u00e1 el tradicional intercambio de semillas, que pretende conseguir aumentar la calidad de los productos de cultivos a trav\u00e9s de mejora en la semilla.<\/p>\n<p style=\"text-align: justify;\">Este a\u00f1o ser\u00e1n 40 los expositores que estar\u00e1n desplegados en la plaza de Molina. Uno de ellos es&nbsp; Jos\u00e9 Gonz\u00e1lez Morales, &nbsp;quien&nbsp; tambi\u00e9n ha estado en otras ferias campesinas y este a\u00f1o ofrecer\u00e1 como en otras oportunidades, productos artesanales de primera calidad en su \u201cRinc\u00f3n de la amistad\u201d.<\/p>\n<p style=\"text-align: justify;\">La Quinta Feria Campesina Intercomunal espera la visita de m\u00e1s de 10 mil personas que podr\u00e1n degustar y conocer nuevos productos realizados de manera artesanal. Todos invitados para este fin de semana en la plaza de Molina desde las 11 de la ma\u00f1ana.<\/p>\n<div class=\"fb-video\" data-href=\"https:\/\/www.facebook.com\/municipalidadmolina\/videos\/622880771225675\/\" data-width=\"700\"><\/div>\n","protected":false},"excerpt":{"rendered":"<p>Del 12 al 14 de agosto se realizar\u00e1 una nueva versi\u00f3n de la Feria Campesina Intercomunal, que por tercer a\u00f1o consecutivo se realiza en la ciudad de Molina.<\/p>\n","protected":false},"author":1,"featured_media":11408,"comment_status":"open","ping_status":"open","sticky":false,"template":"","format":"standard","meta":{"footnotes":""},"categories":[42,2,4,16,25],"tags":[1918,1919,1920,833],"_links":{"self":[{"href":"https:\/\/web.molina.cl\/index.php?rest_route=\/wp\/v2\/posts\/11407"}],"collection":[{"href":"https:\/\/web.molina.cl\/index.php?rest_route=\/wp\/v2\/posts"}],"about":[{"href":"https:\/\/web.molina.cl\/index.php?rest_route=\/wp\/v2\/types\/post"}],"author":[{"embeddable":true,"href":"https:\/\/web.molina.cl\/index.php?rest_route=\/wp\/v2\/users\/1"}],"replies":[{"embeddable":true,"href":"https:\/\/web.molina.cl\/index.php?rest_route=%2Fwp%2Fv2%2Fcomments&post=11407"}],"version-history":[{"count":1,"href":"https:\/\/web.molina.cl\/index.php?rest_route=\/wp\/v2\/posts\/11407\/revisions"}],"predecessor-version":[{"id":42524,"href":"https:\/\/web.molina.cl\/index.php?rest_route=\/wp\/v2\/posts\/11407\/revisions\/42524"}],"wp:featuredmedia":[{"embeddable":true,"href":"https:\/\/web.molina.cl\/index.php?rest_route=\/"}],"wp:attachment":[{"href":"https:\/\/web.molina.cl\/index.php?rest_route=%2Fwp%2Fv2%2Fmedia&parent=11407"}],"wp:term":[{"taxonomy":"category","embeddable":true,"href":"https:\/\/web.molina.cl\/index.php?rest_route=%2Fwp%2Fv2%2Fcategories&post=11407"},{"taxonomy":"post_tag","embeddable":true,"href":"https:\/\/web.molina.cl\/index.php?rest_route=%2Fwp%2Fv2%2Ftags&post=11407"}],"curies":[{"name":"wp","href":"https:\/\/api.w.org\/{rel}","templated":true}]}}