{"id":11091,"date":"2016-07-22T18:24:13","date_gmt":"2016-07-22T21:24:13","guid":{"rendered":"http:\/\/web.molina.cl\/?p=11091"},"modified":"2020-11-24T09:47:59","modified_gmt":"2020-11-24T13:47:59","slug":"centenares-de-vecinos-de-molina-visitan-parque-nacional-radal-siete-tazas","status":"publish","type":"post","link":"https:\/\/web.molina.cl\/?p=11091","title":{"rendered":"Centenares de vecinos de Molina visitan Parque Nacional Radal Siete Tazas"},"content":{"rendered":"<p style=\"text-align: justify;\">Cerca de 200 personas visitaron durante la semana pasada el Parque Nacional Radal Siete Tazas, todos ellos invitados por la Corporaci\u00f3n Municipal de Desarrollo Productivo y Turismo de Molina, aprovechando la \u00faltima semana&nbsp; de vacaciones de invierno.<!--more--><\/p>\n<p style=\"text-align: justify;\">La actividad municipal pretende dar a conocer la riqueza de la flora y fauna de este recinto natural de la cordillera molinense, sobre todo en esta \u00e9poca del a\u00f1o, donde aparece la nieve y los paisajes maravillosos que ella deja.<\/p>\n<p style=\"text-align: justify;\">David Bugue\u00f1o, Gerente de la Corporaci\u00f3n de Turismo de Molina, se\u00f1al\u00f3 que en esta oportunidad los favorecidos fueron los mejores alumnos de los colegios municipales&nbsp; de la comuna y sus familias. \u201cHicimos una charla con los ni\u00f1os y sus padres sobre conciencia ambiental&nbsp; y tur\u00edstica en el parque, que viene a dar la importancia a los recursos naturales que tenemos en Molina. Es importante que los ni\u00f1os de corta edad sepan c\u00f3mo cuidar este ambiente natural \u00fanico en el mundo\u201d.<\/p>\n<p style=\"text-align: justify;\"><strong>Nieve y bellos paisajes<\/strong><\/p>\n<p style=\"text-align: justify;\">A la fecha centenares de ni\u00f1os, &nbsp;ni\u00f1as y adultos han disfrutado en estas vacaciones de invierno, de las bellezas que nos entrega esta parte del Cord\u00f3n monta\u00f1oso de los Andes. Quienes ya han participado de este programa, reciben importante informaci\u00f3n relacionada con este sector precordillerano de Molina, reconocido mundialmente&nbsp; por su belleza natural. Los ni\u00f1os son los m\u00e1s contentos con este programa de visitas al Parque Nacional Radal Siete Tazas quienes disfrutan de la nieve y de los juegos asociados a ella.<\/p>\n<p style=\"text-align: justify;\">Los sectores del recorrido que efect\u00faa la municipalidad son Pancho Para la Pata, Radal, Velo de la Novia, Siete Tazas y Parque Ingl\u00e9s, All\u00ed personal de la Corporaci\u00f3n de Turismo entrega interesante informaci\u00f3n sobre la flora y fauna y la historia de estos sectores.<\/p>\n<p style=\"text-align: justify;\">Los viajes contin\u00faan en agosto, mes de la monta\u00f1a y para quienes deseen tomar parte del programa, deben informarse a trav\u00e9s del facebook de la entidad \u201cCorporaci\u00f3n de Turismo Molina, Siete Tazas\u201d y postular para viajar hacia el bello Parque Nacional, &nbsp;ubicado al interior de Molina.<\/p>\n<div class=\"fb-video\" data-href=\"https:\/\/www.facebook.com\/municipalidadmolina\/videos\/614954752018277\/\" data-width=\"700\"><\/div>\n<p>&nbsp;<br \/>\n<\/p>\n","protected":false},"excerpt":{"rendered":"<p>Cerca de 200 personas visitaron durante la semana pasada el Parque Nacional Radal Siete Tazas, todos ellos invitados por la Corporaci\u00f3n Municipal de Desarrollo Productivo y Turismo de Molina, aprovechando la \u00faltima semana&nbsp; de vacaciones de invierno.<\/p>\n","protected":false},"author":1,"featured_media":11100,"comment_status":"open","ping_status":"open","sticky":false,"template":"","format":"standard","meta":{"footnotes":""},"categories":[4,16,40,64,8,25],"tags":[1852,873,1853,219,1854,221,1855,786,1856],"_links":{"self":[{"href":"https:\/\/web.molina.cl\/index.php?rest_route=\/wp\/v2\/posts\/11091"}],"collection":[{"href":"https:\/\/web.molina.cl\/index.php?rest_route=\/wp\/v2\/posts"}],"about":[{"href":"https:\/\/web.molina.cl\/index.php?rest_route=\/wp\/v2\/types\/post"}],"author":[{"embeddable":true,"href":"https:\/\/web.molina.cl\/index.php?rest_route=\/wp\/v2\/users\/1"}],"replies":[{"embeddable":true,"href":"https:\/\/web.molina.cl\/index.php?rest_route=%2Fwp%2Fv2%2Fcomments&post=11091"}],"version-history":[{"count":1,"href":"https:\/\/web.molina.cl\/index.php?rest_route=\/wp\/v2\/posts\/11091\/revisions"}],"predecessor-version":[{"id":42540,"href":"https:\/\/web.molina.cl\/index.php?rest_route=\/wp\/v2\/posts\/11091\/revisions\/42540"}],"wp:featuredmedia":[{"embeddable":true,"href":"https:\/\/web.molina.cl\/index.php?rest_route=\/"}],"wp:attachment":[{"href":"https:\/\/web.molina.cl\/index.php?rest_route=%2Fwp%2Fv2%2Fmedia&parent=11091"}],"wp:term":[{"taxonomy":"category","embeddable":true,"href":"https:\/\/web.molina.cl\/index.php?rest_route=%2Fwp%2Fv2%2Fcategories&post=11091"},{"taxonomy":"post_tag","embeddable":true,"href":"https:\/\/web.molina.cl\/index.php?rest_route=%2Fwp%2Fv2%2Ftags&post=11091"}],"curies":[{"name":"wp","href":"https:\/\/api.w.org\/{rel}","templated":true}]}}