{"id":1066,"date":"2015-05-10T20:24:14","date_gmt":"2015-05-10T23:24:14","guid":{"rendered":"http:\/\/web.molina.cl\/?p=1066"},"modified":"2020-11-24T19:40:31","modified_gmt":"2020-11-24T23:40:31","slug":"alcaldesa-de-molina-cumple-sueno-y-entrega-nueva-casa-del-adulto-mayor-de-la-comuna","status":"publish","type":"post","link":"https:\/\/web.molina.cl\/?p=1066","title":{"rendered":"Alcaldesa de Molina cumple sue\u00f1o y entrega nueva Casa del Adulto Mayor de la comuna"},"content":{"rendered":"<p style=\"text-align: justify;\">Luego de m\u00e1s de un a\u00f1o de gestiones y una larga espera, la alcaldesa de la ciudad, <strong>Priscilla Castillo Gerli<\/strong>, cumpli\u00f3 el sue\u00f1o de la tercera edad de Molina al inaugurar este viernes 8 de mayo, la nueva<strong> Casa del Adulto Mayor<\/strong>, espacio destinado a entregar una mejor calidad de vida a sus usuarios de la comuna.<!--more--><\/p>\n<p style=\"text-align: justify;\">Las nuevas dependencias, ubicadas en avenida <strong>Luis Cruz Mart\u00ednez 1660<\/strong>, tuvieron un costo de $<strong>49.233.906<\/strong> millones de pesos financiados por el Fondo de Mejoramiento Urbano y Equipamiento Comunal (PMU) y&nbsp; entregar\u00e1n atenci\u00f3n&nbsp; podol\u00f3gica y kinesiol\u00f3gica, entre otros servicios,&nbsp; a los 1700 adultos mayores que componen los&nbsp; 72 clubes de Adultos Mayores inscritos en la comuna.<\/p>\n<p style=\"text-align: justify;\">\u201cEstamos&nbsp; muy contentos con esta nueva inauguraci\u00f3n porque era un gran sue\u00f1o de nuestros adultos mayores que hemos concretado, es un proyecto que les hac\u00eda mucha falta a ellos porque estaban en diferentes lugares arrendando,&nbsp; esta es una casa en donde ellos pueden hacer actividades, talleres, capacitaciones, y usar las atenciones de podolog\u00eda y kinesiolog\u00eda que les entrega la municipalidad. Como municipalidad es prioritario que los adultos mayores se sientan contentos, generarles condiciones y oportunidades para que lo pasen bien y tengan una mejor calidad de vida, hicieron todo por su familia, por esta comuna y es importante que estos a\u00f1os de vida lo disfruten de la mejor forma\u201d dijo la Alcaldesa de Molina, <strong>Priscilla Castillo<\/strong>.<\/p>\n<p style=\"text-align: justify;\">Las nuevas dependencias ser\u00e1n tambi\u00e9n la sede de la Uni\u00f3n&nbsp; Comunal del Adulto Mayor y en ellas los integrantes podr\u00e1n realizar talleres&nbsp; de diversa \u00edndole, as\u00ed como tambi\u00e9n cursos orientados a la mejorar su calidad de vida.<\/p>\n<p style=\"text-align: justify;\"><strong>Guillermo Herrera Oyarce<\/strong>, presidente de la Uni\u00f3n Comunal de Adultos Mayores de Molina, agradeci\u00f3&nbsp; a la alcaldesa Priscilla Castillo el nuevo inmueble. \u201cFue un anhelo que ten\u00edamos desde bastante tiempo y que era muy necesario. Antes ten\u00edamos una oficina peque\u00f1a&nbsp; pero ahora tenemos nuestra \u201ccasa propia\u201d que era el sue\u00f1o de todos nosotros los adultos mayores de Molina. Agradezco&nbsp; a todos los que han participado en cumplir este sue\u00f1o, a la alcaldesa Pricilla Castillo, y a toda la gente que cooper\u00f3 para ello\u201d dijo el dirigente.<\/p>\n<p style=\"text-align: justify;\">\u201cAhora cada especialista que atiende tiene su box por separado y cuentan con todas las necesidades higi\u00e9nicas, tenemos una cocina y un sal\u00f3n grande que nos permitir\u00e1 acoger a los clubes que a\u00fan no tienen sede propia. Tambi\u00e9n tenemos proyectados una serie de talleres a realizar durante el a\u00f1o, como de reposter\u00eda, de mosaico, educativos, formativos, de salud y de autocuidado\u201d dijo <strong>Margot Luieza<\/strong>, encargada de la Casa del Adulto Mayor de Molina.<\/p>\n<p style=\"text-align: justify;\">El nuevo edificio inici\u00f3 su construcci\u00f3n a fines del a\u00f1o 2014 y est\u00e1 ubicado a un costado de la c\u00e1rcel de Molina, en pleno centro de la ciudad. En su dise\u00f1o, donde predominan los colores claros y mucha iluminaci\u00f3n natural, particip\u00f3 tambi\u00e9n la Uni\u00f3n Comunal de Vecinos&nbsp; entregando sugerencias para hacerlo m\u00e1s ergon\u00f3mico, considerando las necesidades especiales y de traslado que requieren las personas adultas que acudir\u00e1n al recinto.<\/p>\n<p><iframe loading=\"lazy\" width=\"560\" height=\"315\" src=\"https:\/\/www.youtube.com\/embed\/oJfp0M5s9DM?rel=0&amp;showinfo=0\" frameborder=\"0\" allowfullscreen=\"\"><\/iframe><\/p>\n","protected":false},"excerpt":{"rendered":"<p>Luego de m\u00e1s de un a\u00f1o de gestiones y una larga espera, la alcaldesa de la ciudad, Priscilla Castillo Gerli, cumpli\u00f3 el sue\u00f1o de la tercera edad de Molina al inaugurar este viernes 8 de mayo, la nueva Casa del Adulto Mayor, espacio destinado a entregar una mejor calidad de vida a sus usuarios de [&hellip;]<\/p>\n","protected":false},"author":1,"featured_media":1073,"comment_status":"closed","ping_status":"open","sticky":false,"template":"","format":"standard","meta":{"footnotes":""},"categories":[80,3,6,25],"tags":[],"_links":{"self":[{"href":"https:\/\/web.molina.cl\/index.php?rest_route=\/wp\/v2\/posts\/1066"}],"collection":[{"href":"https:\/\/web.molina.cl\/index.php?rest_route=\/wp\/v2\/posts"}],"about":[{"href":"https:\/\/web.molina.cl\/index.php?rest_route=\/wp\/v2\/types\/post"}],"author":[{"embeddable":true,"href":"https:\/\/web.molina.cl\/index.php?rest_route=\/wp\/v2\/users\/1"}],"replies":[{"embeddable":true,"href":"https:\/\/web.molina.cl\/index.php?rest_route=%2Fwp%2Fv2%2Fcomments&post=1066"}],"version-history":[{"count":1,"href":"https:\/\/web.molina.cl\/index.php?rest_route=\/wp\/v2\/posts\/1066\/revisions"}],"predecessor-version":[{"id":42817,"href":"https:\/\/web.molina.cl\/index.php?rest_route=\/wp\/v2\/posts\/1066\/revisions\/42817"}],"wp:featuredmedia":[{"embeddable":true,"href":"https:\/\/web.molina.cl\/index.php?rest_route=\/"}],"wp:attachment":[{"href":"https:\/\/web.molina.cl\/index.php?rest_route=%2Fwp%2Fv2%2Fmedia&parent=1066"}],"wp:term":[{"taxonomy":"category","embeddable":true,"href":"https:\/\/web.molina.cl\/index.php?rest_route=%2Fwp%2Fv2%2Fcategories&post=1066"},{"taxonomy":"post_tag","embeddable":true,"href":"https:\/\/web.molina.cl\/index.php?rest_route=%2Fwp%2Fv2%2Ftags&post=1066"}],"curies":[{"name":"wp","href":"https:\/\/api.w.org\/{rel}","templated":true}]}}