{"id":10491,"date":"2016-06-14T16:22:44","date_gmt":"2016-06-14T19:22:44","guid":{"rendered":"http:\/\/web.molina.cl\/?p=10491"},"modified":"2020-11-24T10:22:04","modified_gmt":"2020-11-24T14:22:04","slug":"el-orfeon-juvenil-de-molina-cumplio-25-anos-entregando-armonia-y-melodias","status":"publish","type":"post","link":"https:\/\/web.molina.cl\/?p=10491","title":{"rendered":"El Orfe\u00f3n Juvenil de Molina Cumpli\u00f3 25 A\u00f1os Entregando Armon\u00eda y Melod\u00edas"},"content":{"rendered":"<p style=\"text-align: justify;\">La celebraci\u00f3n se realiz\u00f3 en un colmado Teatro Municipal de&nbsp;nuestra&nbsp;comuna. Los primeros en tocar fueron el grupo semilleros, los que dieron muestra de esfuerzo, dedicaci\u00f3n y constancia.<!--more--><\/p>\n<p style=\"text-align: justify;\">&nbsp;\u201cLa m\u00fasica la estoy buscando hace un rato y un amigo me recomend\u00f3 entrar al Orfe\u00f3n y ha sido una experiencia inolvidable. Mi idea es llegar a ser un m\u00fasico profesional y vivir de esto\u201d, indic\u00f3 Andr\u00e9s Cabello, cornista de 13 a\u00f1os de edad.<\/p>\n<p style=\"text-align: justify;\">El p\u00fablico se mostr\u00f3 respetuoso y orgulloso, y no dudaron en tomar sus celulares y grabar cada pieza que era interpretada. Sin lugar a dudas, un gran espect\u00e1culo para la cultura musical de la comuna de Molina.<\/p>\n<p style=\"text-align: justify;\"><strong>LA CASA DE LA M\u00daSICA<\/strong><\/p>\n<p style=\"text-align: justify;\">Con el terremoto del 27 de febrero del 2010, la casona antigua en donde el Orfe\u00f3n Juvenil ensayaba, sufre deterioros importantes en su infraestructura. Es por esta raz\u00f3n, que la actual administraci\u00f3n busca una soluci\u00f3n concreta para esta agrupaci\u00f3n.<\/p>\n<p style=\"text-align: justify;\">EL proyecto consiste en realizar una nueva casa, en el mismo lugar, en la calle Luis Cruz Mart\u00ednez 1568 en Molina. La construcci\u00f3n consiste en un recinto de 210 metros cuadrados con dos Salas de Ensayo con acondicionamiento ac\u00fastico, Oficinas Administrativas, Bodega, Cocina y Servicios Higi\u00e9nicos con accesibilidad universal. La edificaci\u00f3n cumplir\u00e1 con est\u00e1ndares ac\u00fasticos, seg\u00fan los requerimientos y necesidades del Orfe\u00f3n. El costo ser\u00e1 de 86 millones de pesos.<\/p>\n<p style=\"text-align: justify;\">En la celebraci\u00f3n, por su parte, la alcaldesa Priscilla Castillo, present\u00f3 los avances del proyecto de la Casa de la M\u00fasica, que llevar\u00e1 por nombre <strong>Cesar Reyes Reyes.<\/strong>&nbsp; \u201cUna vez que construyamos la casa, ser\u00e1 destinada al Orfe\u00f3n Juvenil. Y apenas est\u00e9 construida, ser\u00e1 entregada en comodato para el Orfe\u00f3n Juvenil de Molina\u201d, enfatiz\u00f3 la edil.<\/p>\n<div class=\"fb-video\" data-href=\"https:\/\/www.facebook.com\/municipalidadmolina\/videos\/598734216973664\/\" data-width=\"700\"><\/div>\n<p>&nbsp;<br \/>\n<\/p>\n","protected":false},"excerpt":{"rendered":"<p>La celebraci\u00f3n se realiz\u00f3 en un colmado Teatro Municipal de&nbsp;nuestra&nbsp;comuna. Los primeros en tocar fueron el grupo semilleros, los que dieron muestra de esfuerzo, dedicaci\u00f3n y constancia.<\/p>\n","protected":false},"author":1,"featured_media":10501,"comment_status":"open","ping_status":"open","sticky":false,"template":"","format":"standard","meta":{"footnotes":""},"categories":[2,4,16,40,25],"tags":[1014,1682,1683,50,641],"_links":{"self":[{"href":"https:\/\/web.molina.cl\/index.php?rest_route=\/wp\/v2\/posts\/10491"}],"collection":[{"href":"https:\/\/web.molina.cl\/index.php?rest_route=\/wp\/v2\/posts"}],"about":[{"href":"https:\/\/web.molina.cl\/index.php?rest_route=\/wp\/v2\/types\/post"}],"author":[{"embeddable":true,"href":"https:\/\/web.molina.cl\/index.php?rest_route=\/wp\/v2\/users\/1"}],"replies":[{"embeddable":true,"href":"https:\/\/web.molina.cl\/index.php?rest_route=%2Fwp%2Fv2%2Fcomments&post=10491"}],"version-history":[{"count":1,"href":"https:\/\/web.molina.cl\/index.php?rest_route=\/wp\/v2\/posts\/10491\/revisions"}],"predecessor-version":[{"id":42570,"href":"https:\/\/web.molina.cl\/index.php?rest_route=\/wp\/v2\/posts\/10491\/revisions\/42570"}],"wp:featuredmedia":[{"embeddable":true,"href":"https:\/\/web.molina.cl\/index.php?rest_route=\/"}],"wp:attachment":[{"href":"https:\/\/web.molina.cl\/index.php?rest_route=%2Fwp%2Fv2%2Fmedia&parent=10491"}],"wp:term":[{"taxonomy":"category","embeddable":true,"href":"https:\/\/web.molina.cl\/index.php?rest_route=%2Fwp%2Fv2%2Fcategories&post=10491"},{"taxonomy":"post_tag","embeddable":true,"href":"https:\/\/web.molina.cl\/index.php?rest_route=%2Fwp%2Fv2%2Ftags&post=10491"}],"curies":[{"name":"wp","href":"https:\/\/api.w.org\/{rel}","templated":true}]}}