{"id":10040,"date":"2016-05-13T11:06:13","date_gmt":"2016-05-13T14:06:13","guid":{"rendered":"http:\/\/web.molina.cl\/?p=10040"},"modified":"2020-11-24T11:49:05","modified_gmt":"2020-11-24T15:49:05","slug":"molina-creativa-nuevo-fondo-concursable-para-agrupaciones-culturales","status":"publish","type":"post","link":"https:\/\/web.molina.cl\/?p=10040","title":{"rendered":"Molina Creativa, nuevo fondo concursable para Agrupaciones Culturales"},"content":{"rendered":"<p style=\"text-align: justify;\">La comuna de Molina, ha crecido en pasos agigantados en t\u00e9rminos de cultura los \u00faltimos 2 a\u00f1os. El 2015 se conform\u00f3 la Corporaci\u00f3n Cultural y adem\u00e1s se conform\u00f3 una Red Cultural que agrupa a diferentes comunas de la provincia de Curic\u00f3.<!--more--><\/p>\n<p style=\"text-align: justify;\">Debido al aumento de la solicitud de las subvenciones municipales y por una necesidad de las propias agrupaciones culturales, es que para este a\u00f1o se cre\u00f3 \u201cMolina Creativa\u201d, un fondo concursable,&nbsp; con un aporte de hasta 500 mil pesos por grupo. Priscilla Castillo, alcaldesa de Molina, se\u00f1ala los objetivos: \u201cComo municipalidad nos interesa apoyar a todos las agrupaciones culturales, para que puedan tener la posibilidad de contar con un recursos para sus requerimientos\u201d.<\/p>\n<p style=\"text-align: justify;\"><img loading=\"lazy\" decoding=\"async\" class=\"alignnone size-large wp-image-10042\" src=\"https:\/\/web.molina.cl\/wp-content\/uploads\/2016\/05\/resized_DSC_0056-1024x679.jpg\" alt=\"resized_DSC_0056\" width=\"700\" height=\"464\"><\/p>\n<p style=\"text-align: justify;\">Las bases est\u00e1n publicadas en la p\u00e1gina web https:\/\/web.molina.cl\/?page_id=9487 &nbsp;en donde los interesados podr\u00e1n enterarse de todos los requisitos. \u201cEL requisito fundamental es que deben tener personalidad jur\u00eddica. Nosotros, estamos validando la asociatividad, es decir, los artistas deben buscar una personalidad jur\u00eddica, por lo tanto pueden asociarse con una junta de vecinos o bien un comit\u00e9 de agua potable que est\u00e9 vigente y de esa forma puedan ser aliados\u201d, indic\u00f3 Claudia Araya, Gerenta de la Corporaci\u00f3n Cultural de Molina.<\/p>\n<p style=\"text-align: justify;\"><a href=\"https:\/\/web.molina.cl\/wp-content\/uploads\/2016\/05\/molina-creativa-fondo-cultura.png\"><img loading=\"lazy\" decoding=\"async\" class=\"alignnone  wp-image-10041\" src=\"https:\/\/web.molina.cl\/wp-content\/uploads\/2016\/05\/molina-creativa-fondo-cultura.png\" alt=\"molina-creativa-fondo-cultura\" width=\"700\" height=\"381\"><\/a><\/p>\n<p style=\"text-align: justify;\">El mi\u00e9rcoles 4 de mayo reci\u00e9n pasado se realiz\u00f3, adem\u00e1s, taller informativo en el Teatro Municipal, en donde la comunidad pudo informarse sobre las bases y &nbsp;aclarar dudas.<\/p>\n<p style=\"text-align: justify;\">La postulaci\u00f3n es en formato papel y deben entregarlo en la oficina del Teatro Municipal. El plazo m\u00e1ximo es el mi\u00e9rcoles 25 de mayo hasta las 18 horas.<\/p>\n<p style=\"text-align: justify;\">&nbsp;<a href=\"https:\/\/web.molina.cl\/wp-content\/uploads\/2016\/05\/molina-creativa-fondo-cultura.png\"><br \/>\n<\/a> <a href=\"https:\/\/web.molina.cl\/wp-content\/uploads\/2016\/05\/resized_DSC_0056.jpg\"><br \/>\n<\/a> <a href=\"https:\/\/web.molina.cl\/wp-content\/uploads\/2016\/05\/resized_DSC_0279.jpg\"><img loading=\"lazy\" decoding=\"async\" class=\"alignnone size-large wp-image-10043\" src=\"https:\/\/web.molina.cl\/wp-content\/uploads\/2016\/05\/resized_DSC_0279-1024x679.jpg\" alt=\"resized_DSC_0279\" width=\"700\" height=\"464\"><\/a><\/p>\n","protected":false},"excerpt":{"rendered":"<p>La comuna de Molina, ha crecido en pasos agigantados en t\u00e9rminos de cultura los \u00faltimos 2 a\u00f1os. El 2015 se conform\u00f3 la Corporaci\u00f3n Cultural y adem\u00e1s se conform\u00f3 una Red Cultural que agrupa a diferentes comunas de la provincia de Curic\u00f3.<\/p>\n","protected":false},"author":1,"featured_media":10044,"comment_status":"open","ping_status":"open","sticky":false,"template":"","format":"standard","meta":{"footnotes":""},"categories":[2,4,6],"tags":[1544,14,1545,1546,1547],"_links":{"self":[{"href":"https:\/\/web.molina.cl\/index.php?rest_route=\/wp\/v2\/posts\/10040"}],"collection":[{"href":"https:\/\/web.molina.cl\/index.php?rest_route=\/wp\/v2\/posts"}],"about":[{"href":"https:\/\/web.molina.cl\/index.php?rest_route=\/wp\/v2\/types\/post"}],"author":[{"embeddable":true,"href":"https:\/\/web.molina.cl\/index.php?rest_route=\/wp\/v2\/users\/1"}],"replies":[{"embeddable":true,"href":"https:\/\/web.molina.cl\/index.php?rest_route=%2Fwp%2Fv2%2Fcomments&post=10040"}],"version-history":[{"count":1,"href":"https:\/\/web.molina.cl\/index.php?rest_route=\/wp\/v2\/posts\/10040\/revisions"}],"predecessor-version":[{"id":42598,"href":"https:\/\/web.molina.cl\/index.php?rest_route=\/wp\/v2\/posts\/10040\/revisions\/42598"}],"wp:featuredmedia":[{"embeddable":true,"href":"https:\/\/web.molina.cl\/index.php?rest_route=\/"}],"wp:attachment":[{"href":"https:\/\/web.molina.cl\/index.php?rest_route=%2Fwp%2Fv2%2Fmedia&parent=10040"}],"wp:term":[{"taxonomy":"category","embeddable":true,"href":"https:\/\/web.molina.cl\/index.php?rest_route=%2Fwp%2Fv2%2Fcategories&post=10040"},{"taxonomy":"post_tag","embeddable":true,"href":"https:\/\/web.molina.cl\/index.php?rest_route=%2Fwp%2Fv2%2Ftags&post=10040"}],"curies":[{"name":"wp","href":"https:\/\/api.w.org\/{rel}","templated":true}]}}